{"id":8494,"date":"2025-12-16T10:53:51","date_gmt":"2025-12-16T09:53:51","guid":{"rendered":"https:\/\/www.subkultur.de\/edition\/?p=8494"},"modified":"2025-12-16T11:34:57","modified_gmt":"2025-12-16T10:34:57","slug":"lina-carlo","status":"publish","type":"post","link":"https:\/\/www.subkultur.de\/edition\/lina-carlo\/","title":{"rendered":"Lina Carlo"},"content":{"rendered":"\n<p>Lina Carlo wurde 1988 in Berlin-Pankow geboren.<br \/>Sie studierte klassischen B\u00fchnentanz an der Staatlichen Ballettschule Berlin, arbeitete am Theater und ist inzwischen Ballettdozentin. Dar\u00fcber hinaus ist sie in der Berliner Kunstszene t\u00e4tig. \u201eKeine Smileys\u201c ist ihr Deb\u00fct als Autorin.&nbsp;<\/p>\n\n\n\n<p><a href=\"https:\/\/www.instagram.com\/lina_carlo_\">https:\/\/www.instagram.com\/lina_carlo_<\/a><\/p>\n\n\n\n<div data-wp-context=\"{&quot;notices&quot;:[],&quot;hideNextPreviousButtons&quot;:false,&quot;isDisabledPrevious&quot;:true,&quot;isDisabledNext&quot;:false,&quot;ariaLabelPrevious&quot;:&quot;Previous products&quot;,&quot;ariaLabelNext&quot;:&quot;Next products&quot;,&quot;collection&quot;:&quot;woocommerce\\\/product-collection\\\/by-category&quot;}\" data-wp-init=\"callbacks.onRender\" data-wp-interactive=\"woocommerce\/product-collection\" data-wp-router-region=\"wc-product-collection-0\" data-__private-preview-state=\"{&quot;isPreview&quot;:false,&quot;previewMessage&quot;:&quot;Die tats\\u00e4chliche Produktauswahl h\\u00e4ngt von der aufgerufenen Seite ab.&quot;}\" data-block-name=\"woocommerce\/product-collection\" data-collection=\"woocommerce\/product-collection\/by-category\" data-dimensions=\"{&quot;widthType&quot;:&quot;fill&quot;}\" data-display-layout=\"{&quot;type&quot;:&quot;flex&quot;,&quot;columns&quot;:3,&quot;shrinkColumns&quot;:true}\" data-hide-controls=\"[&quot;inherit&quot;,&quot;hand-picked&quot;,&quot;filterable&quot;]\" data-query-context-includes=\"[&quot;collection&quot;]\" data-query-id=\"0\" data-query=\"{&quot;perPage&quot;:3,&quot;pages&quot;:0,&quot;offset&quot;:0,&quot;postType&quot;:&quot;product&quot;,&quot;order&quot;:&quot;desc&quot;,&quot;orderBy&quot;:&quot;date&quot;,&quot;search&quot;:&quot;&quot;,&quot;exclude&quot;:[],&quot;inherit&quot;:false,&quot;taxQuery&quot;:{&quot;product_cat&quot;:[802]},&quot;isProductCollectionBlock&quot;:true,&quot;featured&quot;:false,&quot;woocommerceOnSale&quot;:false,&quot;woocommerceStockStatus&quot;:[&quot;instock&quot;,&quot;outofstock&quot;,&quot;onbackorder&quot;],&quot;woocommerceAttributes&quot;:[],&quot;woocommerceHandPickedProducts&quot;:[],&quot;filterable&quot;:false,&quot;relatedBy&quot;:{&quot;categories&quot;:true,&quot;tags&quot;:true}}\" data-tag-name=\"div\" class=\"wp-block-woocommerce-product-collection is-layout-flow wp-block-woocommerce-product-collection-is-layout-flow\">\t\t<div data-wp-interactive=\"woocommerce\/store-notices\" class=\"wc-block-components-notices alignwide\">\n\t\t\t<template data-wp-each--notice=\"state.notices\" data-wp-each-key=\"context.notice.id\">\n\t\t\t\t<div\n\t\t\t\t\tclass=\"wc-block-components-notice-banner\"\n\t\t\t\t\tdata-wp-init=\"callbacks.scrollIntoView\"\n\t\t\t\t\tdata-wp-class--is-error=\"state.isError\"\n\t\t\t\t\tdata-wp-class--is-success=\"state.isSuccess\"\n\t\t\t\t\tdata-wp-class--is-info=\"state.isInfo\"\n\t\t\t\t\tdata-wp-class--is-dismissible=\"context.notice.dismissible\"\n\t\t\t\t\tdata-wp-bind--role=\"state.role\"\n\t\t\t\t\tdata-wp-watch=\"callbacks.injectIcon\"\n\t\t\t\t>\n\t\t\t\t\t<div class=\"wc-block-components-notice-banner__content\">\n\t\t\t\t\t\t<span data-wp-init=\"callbacks.renderNoticeContent\" aria-live=\"assertive\" aria-atomic=\"true\"><\/span>\n\t\t\t\t\t<\/div>\n\t\t\t\t\t<button\n\t\t\t\t\t\tdata-wp-bind--hidden=\"!context.notice.dismissible\"\n\t\t\t\t\t\tclass=\"wc-block-components-button wp-element-button wc-block-components-notice-banner__dismiss contained\"\n\t\t\t\t\t\taria-label=\"Dismiss this notice\"\n\t\t\t\t\t\tdata-wp-on--click=\"actions.removeNotice\"\n\t\t\t\t\t>\n\t\t\t\t\t\t<svg xmlns=\"http:\/\/www.w3.org\/2000\/svg\" viewBox=\"0 0 24 24\">\n\t\t\t\t\t\t\t<path d=\"M13 11.8l6.1-6.3-1-1-6.1 6.2-6.1-6.2-1 1 6.1 6.3-6.5 6.7 1 1 6.5-6.6 6.5 6.6 1-1z\" \/>\n\t\t\t\t\t\t<\/svg>\n\t\t\t\t\t<\/button>\n\t\t\t\t<\/div>\n\t\t\t<\/template>\n\t\t<\/div>\n\t\t\n<h2 class=\"wp-block-heading has-text-align-center\" style=\"margin-bottom:1rem\">Produkte nach Kategorien<\/h2>\n\n\n<ul data-block-name=\"woocommerce\/product-template\" class=\"wc-block-product-template__responsive columns-3 wc-block-product-template wp-block-woocommerce-product-template is-layout-flow wp-block-woocommerce-product-template-is-layout-flow\" data-wp-on--scroll=\"actions.watchScroll\" data-wp-init=\"callbacks.initResizeObserver\"><li class=\"wc-block-product post-8490 product type-product status-publish has-post-thumbnail product_cat-buecher product_cat-e-books product_cat-lina-carlo product_tag-berlin product_tag-coming-of-age product_tag-drogen product_tag-freiheit product_tag-freundschaft first instock taxable shipping-taxable purchasable product-type-variable has-default-attributes\"\n\t\t\t\t\t\n\t\t\t\tdata-wp-interactive=\"woocommerce\/product-collection\"\n\t\t\t\tdata-wp-context='{\"productId\":8490}'\n\t\t\t\tdata-wp-key=\"product-item-8490\"\n\t\t\t\n\t\t\t\t>\n\t\t\t\t\t\n<div data-block-name=\"woocommerce\/product-image\" data-image-sizing=\"thumbnail\" data-is-descendent-of-query-loop=\"true\" data-show-sale-badge=\"false\" class=\"wc-block-components-product-image wc-block-grid__product-image wc-block-components-product-image--aspect-ratio-auto wp-block-woocommerce-product-image\"><a href=\"https:\/\/www.subkultur.de\/edition\/shop\/keine-smileys\/\" style=\"\" data-wp-on--click=\"woocommerce\/product-collection::actions.viewProduct\"><img decoding=\"async\" width=\"300\" height=\"460\" src=\"https:\/\/www.subkultur.de\/edition\/wp-content\/uploads\/2025\/12\/smileycover-web-300x460.jpg\" class=\"attachment-woocommerce_thumbnail size-woocommerce_thumbnail\" alt=\"Lina Carlo - Keine Smileys - Edition Subkultur\" data-testid=\"product-image\" data-image-id=\"8493\" style=\"object-fit:cover;\" loading=\"lazy\" srcset=\"https:\/\/www.subkultur.de\/edition\/wp-content\/uploads\/2025\/12\/smileycover-web-300x460.jpg 300w, https:\/\/www.subkultur.de\/edition\/wp-content\/uploads\/2025\/12\/smileycover-web-261x400.jpg 261w, https:\/\/www.subkultur.de\/edition\/wp-content\/uploads\/2025\/12\/smileycover-web-782x1200.jpg 782w, https:\/\/www.subkultur.de\/edition\/wp-content\/uploads\/2025\/12\/smileycover-web-130x200.jpg 130w, https:\/\/www.subkultur.de\/edition\/wp-content\/uploads\/2025\/12\/smileycover-web-768x1179.jpg 768w, https:\/\/www.subkultur.de\/edition\/wp-content\/uploads\/2025\/12\/smileycover-web-650x998.jpg 650w, https:\/\/www.subkultur.de\/edition\/wp-content\/uploads\/2025\/12\/smileycover-web.jpg 793w\" sizes=\"auto, (max-width: 300px) 100vw, 300px\" data-attachment-id=\"8493\" data-permalink=\"https:\/\/www.subkultur.de\/edition\/?attachment_id=8493\" data-orig-file=\"https:\/\/www.subkultur.de\/edition\/wp-content\/uploads\/2025\/12\/smileycover-web.jpg\" data-orig-size=\"793,1217\" data-comments-opened=\"0\" data-image-meta=\"{&quot;aperture&quot;:&quot;0&quot;,&quot;credit&quot;:&quot;&quot;,&quot;camera&quot;:&quot;&quot;,&quot;caption&quot;:&quot;&quot;,&quot;created_timestamp&quot;:&quot;0&quot;,&quot;copyright&quot;:&quot;&quot;,&quot;focal_length&quot;:&quot;0&quot;,&quot;iso&quot;:&quot;0&quot;,&quot;shutter_speed&quot;:&quot;0&quot;,&quot;title&quot;:&quot;&quot;,&quot;orientation&quot;:&quot;0&quot;}\" data-image-title=\"smileycover-web\" data-image-description=\"&lt;p&gt;Lina Carlo &amp;#8211; Keine Smileys &amp;#8211; Edition Subkultur&lt;\/p&gt;\n\" data-image-caption=\"\" data-large-file=\"https:\/\/www.subkultur.de\/edition\/wp-content\/uploads\/2025\/12\/smileycover-web-782x1200.jpg\" \/><div class=\"wc-block-components-product-image__inner-container\">\n\n<\/div><\/a><\/div>\n\n<h2 style=\"line-height:1.4; margin-bottom:0.75rem;margin-top:0;\" class=\"has-text-align-center wp-block-post-title has-medium-font-size\"><a data-wp-on--click=\"woocommerce\/product-collection::actions.viewProduct\" href=\"https:\/\/www.subkultur.de\/edition\/shop\/keine-smileys\/\" target=\"_self\" >Keine Smileys<\/a><\/h2>\n\n<div data-block-name=\"woocommerce\/product-price\" data-font-size=\"small\" data-is-descendent-of-query-loop=\"true\" data-text-align=\"center\" class=\"has-font-size has-small-font-size has-text-align-center wp-block-woocommerce-product-price has-small-font-size\" ><div class=\"wc-block-components-product-price wc-block-grid__product-price\" >\n\t\t\t\t\t<span class=\"woocommerce-Price-amount amount\" aria-hidden=\"true\"><bdi>11,99&nbsp;<span class=\"woocommerce-Price-currencySymbol\">&euro;<\/span><\/bdi><\/span> <span aria-hidden=\"true\">&ndash;<\/span> <span class=\"woocommerce-Price-amount amount\" aria-hidden=\"true\"><bdi>14,00&nbsp;<span class=\"woocommerce-Price-currencySymbol\">&euro;<\/span><\/bdi><\/span><span class=\"screen-reader-text\">Price range: 11,99&nbsp;&euro; through 14,00&nbsp;&euro;<\/span>\n\t\t\t\t<\/div><\/div>\n\n<div data-block-name=\"woocommerce\/product-button\" data-font-size=\"small\" data-is-descendent-of-query-loop=\"true\" data-text-align=\"center\" class=\"wp-block-button wc-block-components-product-button   align-center wp-block-woocommerce-product-button has-small-font-size\"\n\t\t\t\t\t\n\t\t\t\t\tdata-wp-context='{\"quantityToAdd\":1,\"productId\":8490,\"productType\":\"variable\",\"addToCartText\":\"Optionen ausw\\u00e4hlen\",\"tempQuantity\":0,\"animationStatus\":\"IDLE\",\"inTheCartText\":\"### in cart\",\"noticeId\":\"\",\"hasPressedButton\":false}'\n\t\t\t\t>\n\t\t\t\t\t<a\n\t\t\t\t\t\tclass=\"wp-block-button__link wp-element-button wc-block-components-product-button__button add_to_cart_button product_type_variable has-font-size has-small-font-size has-text-align-center wc-interactive\"\n\t\t\t\t\t\tstyle=\"\"\n\t\t\t\t\t\thref=\"https:\/\/www.subkultur.de\/edition\/shop\/keine-smileys\/\" rel=\"nofollow\" data-product_id=\"8490\" data-product_sku=\"948949518\" aria-label=\"Select options for &ldquo;Keine Smileys&rdquo;\"\n\t\t\t\t\t\tdata-wp-on--click=\"woocommerce\/product-collection::actions.viewProduct\"\n\t\t\t\t\t>\n\t\t\t\t\t<span >Optionen ausw\u00e4hlen<\/span>\n\t\t\t\t\t<\/a>\n\t\t\t\t\t\n\t\t\t\t<\/div>\n\n\t\t\t\t<\/li><\/ul>\n\n<\/div>\n<div class=\"shariff shariff-align-left shariff-widget-align-left\"><ul class=\"shariff-buttons theme-round orientation-horizontal buttonsize-small\"><li class=\"shariff-button facebook\" style=\"background-color:#666666\"><a href=\"https:\/\/www.facebook.com\/sharer\/sharer.php?u=https%3A%2F%2Fwww.subkultur.de%2Fedition%2Flina-carlo%2F\" title=\"Bei Facebook teilen\" aria-label=\"Bei Facebook teilen\" role=\"button\" rel=\"nofollow\" class=\"shariff-link\" style=\"; background-color:#990000; color:#fff\" target=\"_blank\"><span class=\"shariff-icon\" style=\"\"><svg width=\"32px\" height=\"20px\" xmlns=\"http:\/\/www.w3.org\/2000\/svg\" viewBox=\"0 0 18 32\"><path fill=\"#3b5998\" d=\"M17.1 0.2v4.7h-2.8q-1.5 0-2.1 0.6t-0.5 1.9v3.4h5.2l-0.7 5.3h-4.5v13.6h-5.5v-13.6h-4.5v-5.3h4.5v-3.9q0-3.3 1.9-5.2t5-1.8q2.6 0 4.1 0.2z\"\/><\/svg><\/span><\/a><\/li><li class=\"shariff-button twitter\" style=\"background-color:#666666\"><a href=\"https:\/\/twitter.com\/share?url=https%3A%2F%2Fwww.subkultur.de%2Fedition%2Flina-carlo%2F&text=Lina%20Carlo\" title=\"Bei X teilen\" aria-label=\"Bei X teilen\" role=\"button\" rel=\"noopener nofollow\" class=\"shariff-link\" style=\"; background-color:#990000; color:#fff\" target=\"_blank\"><span class=\"shariff-icon\" style=\"\"><svg width=\"32px\" height=\"20px\" xmlns=\"http:\/\/www.w3.org\/2000\/svg\" viewBox=\"0 0 24 24\"><path fill=\"#000\" d=\"M14.258 10.152L23.176 0h-2.113l-7.747 8.813L7.133 0H0l9.352 13.328L0 23.973h2.113l8.176-9.309 6.531 9.309h7.133zm-2.895 3.293l-.949-1.328L2.875 1.56h3.246l6.086 8.523.945 1.328 7.91 11.078h-3.246zm0 0\"\/><\/svg><\/span><\/a><\/li><li class=\"shariff-button whatsapp shariff-mobile\" style=\"background-color:#666666\"><a href=\"https:\/\/api.whatsapp.com\/send?text=https%3A%2F%2Fwww.subkultur.de%2Fedition%2Flina-carlo%2F%20Lina%20Carlo\" title=\"Bei Whatsapp teilen\" aria-label=\"Bei Whatsapp teilen\" role=\"button\" rel=\"noopener nofollow\" class=\"shariff-link\" style=\"; background-color:#990000; color:#fff\" target=\"_blank\"><span class=\"shariff-icon\" style=\"\"><svg width=\"32px\" height=\"20px\" xmlns=\"http:\/\/www.w3.org\/2000\/svg\" viewBox=\"0 0 32 32\"><path fill=\"#34af23\" d=\"M17.6 17.4q0.2 0 1.7 0.8t1.6 0.9q0 0.1 0 0.3 0 0.6-0.3 1.4-0.3 0.7-1.3 1.2t-1.8 0.5q-1 0-3.4-1.1-1.7-0.8-3-2.1t-2.6-3.3q-1.3-1.9-1.3-3.5v-0.1q0.1-1.6 1.3-2.8 0.4-0.4 0.9-0.4 0.1 0 0.3 0t0.3 0q0.3 0 0.5 0.1t0.3 0.5q0.1 0.4 0.6 1.6t0.4 1.3q0 0.4-0.6 1t-0.6 0.8q0 0.1 0.1 0.3 0.6 1.3 1.8 2.4 1 0.9 2.7 1.8 0.2 0.1 0.4 0.1 0.3 0 1-0.9t0.9-0.9zM14 26.9q2.3 0 4.3-0.9t3.6-2.4 2.4-3.6 0.9-4.3-0.9-4.3-2.4-3.6-3.6-2.4-4.3-0.9-4.3 0.9-3.6 2.4-2.4 3.6-0.9 4.3q0 3.6 2.1 6.6l-1.4 4.2 4.3-1.4q2.8 1.9 6.2 1.9zM14 2.2q2.7 0 5.2 1.1t4.3 2.9 2.9 4.3 1.1 5.2-1.1 5.2-2.9 4.3-4.3 2.9-5.2 1.1q-3.5 0-6.5-1.7l-7.4 2.4 2.4-7.2q-1.9-3.2-1.9-6.9 0-2.7 1.1-5.2t2.9-4.3 4.3-2.9 5.2-1.1z\"\/><\/svg><\/span><\/a><\/li><li class=\"shariff-button paypal\" style=\"background-color:#666666\"><a href=\"https:\/\/www.paypal.com\/cgi-bin\/webscr?cmd=_s-xclick&#038;hosted_button_id=PLJWJSQLT8Z36\" title=\"Spenden mit PayPal\" aria-label=\"Spenden mit PayPal\" role=\"button\" rel=\"noopener nofollow\" class=\"shariff-link\" style=\"; background-color:#990000; color:#fff\" target=\"_blank\"><span class=\"shariff-icon\" style=\"\"><svg width=\"32px\" height=\"20px\" xmlns=\"http:\/\/www.w3.org\/2000\/svg\" viewBox=\"0 0 32 32\"><path fill=\"#009cde\" d=\"M19.9 8q0-2.8-4.2-2.8h-1.2q-0.6 0-1.1 0.4t-0.6 0.9l-1.1 4.9q0 0.1 0 0.3 0 0.4 0.3 0.7t0.7 0.3h0.9q1.2 0 2.3-0.2t2-0.7 1.5-1.5 0.5-2.3zM30.6 10.7q0 4.7-3.9 7.6-3.9 2.9-10.9 2.9h-1.1q-0.6 0-1.1 0.4t-0.6 0.9l-1.3 5.6q-0.1 0.6-0.7 1.1t-1.2 0.5h-3.8q-0.6 0-0.9-0.4t-0.4-0.9q0-0.2 0.2-1.2h2.7q0.6 0 1.1-0.4t0.7-1l1.3-5.6q0.1-0.6 0.7-1t1.1-0.4h1.1q7 0 10.8-2.9t3.9-7.5q0-2.3-0.9-3.7 3.3 1.6 3.3 6zM27.4 7.4q0 4.7-3.9 7.6-3.9 2.9-10.9 2.9h-1.1q-0.6 0-1.1 0.4t-0.6 0.9l-1.3 5.6q-0.1 0.6-0.7 1.1t-1.2 0.5h-3.8q-0.6 0-0.9-0.3t-0.4-0.9q0-0.1 0-0.4l5.4-23.2q0.1-0.6 0.7-1.1t1.2-0.5h7.9q1.2 0 2.2 0.1t2.2 0.3 2 0.5 1.7 0.9 1.4 1.3 0.9 1.8 0.3 2.4z\"\/><\/svg><\/span><\/a><\/li><li class=\"shariff-button rss\" style=\"background-color:#666666\"><a href=\"https:\/\/www.subkultur.de\/edition\/feed\/rss\/\" title=\"RSS-feed\" aria-label=\"RSS-feed\" role=\"button\" class=\"shariff-link\" style=\"; background-color:#990000; color:#fff\" target=\"_blank\"><span class=\"shariff-icon\" style=\"\"><svg width=\"32px\" height=\"20px\" xmlns=\"http:\/\/www.w3.org\/2000\/svg\" viewBox=\"0 0 32 32\"><path fill=\"#fe9312\" d=\"M4.3 23.5c-2.3 0-4.3 1.9-4.3 4.3 0 2.3 1.9 4.2 4.3 4.2 2.4 0 4.3-1.9 4.3-4.2 0-2.3-1.9-4.3-4.3-4.3zM0 10.9v6.1c4 0 7.7 1.6 10.6 4.4 2.8 2.8 4.4 6.6 4.4 10.6h6.2c0-11.7-9.5-21.1-21.1-21.1zM0 0v6.1c14.2 0 25.8 11.6 25.8 25.9h6.2c0-17.6-14.4-32-32-32z\"\/><\/svg><\/span><\/a><\/li><\/ul><\/div>","protected":false},"excerpt":{"rendered":"<p>Lina Carlo wurde 1988 in Berlin-Pankow geboren.Sie studierte klassischen B\u00fchnentanz an der Staatlichen Ballettschule Berlin, arbeitete am Theater und ist inzwischen Ballettdozentin. Dar\u00fcber hinaus ist sie in der Berliner Kunstszene t\u00e4tig. \u201eKeine Smileys\u201c ist ihr Deb\u00fct als Autorin.&nbsp; https:\/\/www.instagram.com\/lina_carlo_<\/p>\n","protected":false},"author":1,"featured_media":8495,"comment_status":"closed","ping_status":"open","sticky":false,"template":"","format":"standard","meta":{"_jetpack_memberships_contains_paid_content":false,"footnotes":"","jetpack_publicize_message":"","jetpack_publicize_feature_enabled":true,"jetpack_social_post_already_shared":true,"jetpack_social_options":{"image_generator_settings":{"template":"highway","default_image_id":0,"font":"","enabled":false},"version":2}},"categories":[33,2],"tags":[],"class_list":["post-8494","post","type-post","status-publish","format-standard","has-post-thumbnail","hentry","category-kuenstler","category-blog"],"yoast_head":"<!-- This site is optimized with the Yoast SEO plugin v27.4 - https:\/\/yoast.com\/product\/yoast-seo-wordpress\/ -->\n<title>Lina Carlo - edition.subkultur<\/title>\n<meta name=\"description\" content=\"In der Edition Subkultur erscheint nonkonforme Literatur. Wir ver\u00f6ffentlichen Shortstories, coole Romane, b\u00f6se Sachb\u00fccher und moderne urbane Literatur und Szeneliteratur. Edition Subkultur ist ein Imprint des Periplaneta Verlags Berlin.\" \/>\n<meta name=\"robots\" content=\"index, follow, max-snippet:-1, max-image-preview:large, max-video-preview:-1\" \/>\n<link rel=\"canonical\" href=\"https:\/\/www.subkultur.de\/edition\/lina-carlo\/\" \/>\n<meta property=\"og:locale\" content=\"de_DE\" \/>\n<meta property=\"og:type\" content=\"article\" \/>\n<meta property=\"og:title\" content=\"Lina Carlo - edition.subkultur\" \/>\n<meta property=\"og:description\" content=\"In der Edition Subkultur erscheint nonkonforme Literatur. Wir ver\u00f6ffentlichen Shortstories, coole Romane, b\u00f6se Sachb\u00fccher und moderne urbane Literatur und Szeneliteratur. Edition Subkultur ist ein Imprint des Periplaneta Verlags Berlin.\" \/>\n<meta property=\"og:url\" content=\"https:\/\/www.subkultur.de\/edition\/lina-carlo\/\" \/>\n<meta property=\"og:site_name\" content=\"edition.subkultur\" \/>\n<meta property=\"article:publisher\" content=\"https:\/\/www.facebook.com\/edition.subkultur\/\" \/>\n<meta property=\"article:published_time\" content=\"2025-12-16T09:53:51+00:00\" \/>\n<meta property=\"article:modified_time\" content=\"2025-12-16T10:34:57+00:00\" \/>\n<meta property=\"og:image\" content=\"https:\/\/www.subkultur.de\/edition\/wp-content\/uploads\/2025\/12\/quer1200.jpg\" \/>\n\t<meta property=\"og:image:width\" content=\"1120\" \/>\n\t<meta property=\"og:image:height\" content=\"630\" \/>\n\t<meta property=\"og:image:type\" content=\"image\/jpeg\" \/>\n<meta name=\"author\" content=\"Thomas Manegold\" \/>\n<meta name=\"twitter:card\" content=\"summary_large_image\" \/>\n<meta name=\"twitter:label1\" content=\"Verfasst von\" \/>\n\t<meta name=\"twitter:data1\" content=\"Thomas Manegold\" \/>\n\t<meta name=\"twitter:label2\" content=\"Gesch\u00e4tzte Lesezeit\" \/>\n\t<meta name=\"twitter:data2\" content=\"1\u00a0Minute\" \/>\n<script type=\"application\/ld+json\" class=\"yoast-schema-graph\">{\"@context\":\"https:\\\/\\\/schema.org\",\"@graph\":[{\"@type\":\"Article\",\"@id\":\"https:\\\/\\\/www.subkultur.de\\\/edition\\\/lina-carlo\\\/#article\",\"isPartOf\":{\"@id\":\"https:\\\/\\\/www.subkultur.de\\\/edition\\\/lina-carlo\\\/\"},\"author\":{\"name\":\"Thomas Manegold\",\"@id\":\"https:\\\/\\\/www.subkultur.de\\\/edition\\\/#\\\/schema\\\/person\\\/cd464c9503a700c1afa4f8699f8fc28c\"},\"headline\":\"Lina Carlo\",\"datePublished\":\"2025-12-16T09:53:51+00:00\",\"dateModified\":\"2025-12-16T10:34:57+00:00\",\"mainEntityOfPage\":{\"@id\":\"https:\\\/\\\/www.subkultur.de\\\/edition\\\/lina-carlo\\\/\"},\"wordCount\":54,\"publisher\":{\"@id\":\"https:\\\/\\\/www.subkultur.de\\\/edition\\\/#organization\"},\"image\":{\"@id\":\"https:\\\/\\\/www.subkultur.de\\\/edition\\\/lina-carlo\\\/#primaryimage\"},\"thumbnailUrl\":\"https:\\\/\\\/www.subkultur.de\\\/edition\\\/wp-content\\\/uploads\\\/2025\\\/12\\\/quer1200.jpg\",\"articleSection\":[\"K\u00fcnstler\",\"subZINE\"],\"inLanguage\":\"de\"},{\"@type\":\"WebPage\",\"@id\":\"https:\\\/\\\/www.subkultur.de\\\/edition\\\/lina-carlo\\\/\",\"url\":\"https:\\\/\\\/www.subkultur.de\\\/edition\\\/lina-carlo\\\/\",\"name\":\"Lina Carlo - edition.subkultur\",\"isPartOf\":{\"@id\":\"https:\\\/\\\/www.subkultur.de\\\/edition\\\/#website\"},\"primaryImageOfPage\":{\"@id\":\"https:\\\/\\\/www.subkultur.de\\\/edition\\\/lina-carlo\\\/#primaryimage\"},\"image\":{\"@id\":\"https:\\\/\\\/www.subkultur.de\\\/edition\\\/lina-carlo\\\/#primaryimage\"},\"thumbnailUrl\":\"https:\\\/\\\/www.subkultur.de\\\/edition\\\/wp-content\\\/uploads\\\/2025\\\/12\\\/quer1200.jpg\",\"datePublished\":\"2025-12-16T09:53:51+00:00\",\"dateModified\":\"2025-12-16T10:34:57+00:00\",\"description\":\"In der Edition Subkultur erscheint nonkonforme Literatur. Wir ver\u00f6ffentlichen Shortstories, coole Romane, b\u00f6se Sachb\u00fccher und moderne urbane Literatur und Szeneliteratur. Edition Subkultur ist ein Imprint des Periplaneta Verlags Berlin.\",\"breadcrumb\":{\"@id\":\"https:\\\/\\\/www.subkultur.de\\\/edition\\\/lina-carlo\\\/#breadcrumb\"},\"inLanguage\":\"de\",\"potentialAction\":[{\"@type\":\"ReadAction\",\"target\":[\"https:\\\/\\\/www.subkultur.de\\\/edition\\\/lina-carlo\\\/\"]}]},{\"@type\":\"ImageObject\",\"inLanguage\":\"de\",\"@id\":\"https:\\\/\\\/www.subkultur.de\\\/edition\\\/lina-carlo\\\/#primaryimage\",\"url\":\"https:\\\/\\\/www.subkultur.de\\\/edition\\\/wp-content\\\/uploads\\\/2025\\\/12\\\/quer1200.jpg\",\"contentUrl\":\"https:\\\/\\\/www.subkultur.de\\\/edition\\\/wp-content\\\/uploads\\\/2025\\\/12\\\/quer1200.jpg\",\"width\":1120,\"height\":630,\"caption\":\"Lina Carlo - Edition Subkultur\"},{\"@type\":\"BreadcrumbList\",\"@id\":\"https:\\\/\\\/www.subkultur.de\\\/edition\\\/lina-carlo\\\/#breadcrumb\",\"itemListElement\":[{\"@type\":\"ListItem\",\"position\":1,\"name\":\"Startseite\",\"item\":\"https:\\\/\\\/www.subkultur.de\\\/edition\\\/\"},{\"@type\":\"ListItem\",\"position\":2,\"name\":\"Lina Carlo\"}]},{\"@type\":\"WebSite\",\"@id\":\"https:\\\/\\\/www.subkultur.de\\\/edition\\\/#website\",\"url\":\"https:\\\/\\\/www.subkultur.de\\\/edition\\\/\",\"name\":\"edition.subkultur\",\"description\":\"Overground Literatur &amp; Music\",\"publisher\":{\"@id\":\"https:\\\/\\\/www.subkultur.de\\\/edition\\\/#organization\"},\"potentialAction\":[{\"@type\":\"SearchAction\",\"target\":{\"@type\":\"EntryPoint\",\"urlTemplate\":\"https:\\\/\\\/www.subkultur.de\\\/edition\\\/?s={search_term_string}\"},\"query-input\":{\"@type\":\"PropertyValueSpecification\",\"valueRequired\":true,\"valueName\":\"search_term_string\"}}],\"inLanguage\":\"de\"},{\"@type\":\"Organization\",\"@id\":\"https:\\\/\\\/www.subkultur.de\\\/edition\\\/#organization\",\"name\":\"Edition Subkultur\",\"url\":\"https:\\\/\\\/www.subkultur.de\\\/edition\\\/\",\"logo\":{\"@type\":\"ImageObject\",\"inLanguage\":\"de\",\"@id\":\"https:\\\/\\\/www.subkultur.de\\\/edition\\\/#\\\/schema\\\/logo\\\/image\\\/\",\"url\":\"https:\\\/\\\/i0.wp.com\\\/www.subkultur.de\\\/edition\\\/wp-content\\\/uploads\\\/2018\\\/08\\\/sublogo3001.png?fit=300%2C111&ssl=1\",\"contentUrl\":\"https:\\\/\\\/i0.wp.com\\\/www.subkultur.de\\\/edition\\\/wp-content\\\/uploads\\\/2018\\\/08\\\/sublogo3001.png?fit=300%2C111&ssl=1\",\"width\":300,\"height\":111,\"caption\":\"Edition Subkultur\"},\"image\":{\"@id\":\"https:\\\/\\\/www.subkultur.de\\\/edition\\\/#\\\/schema\\\/logo\\\/image\\\/\"},\"sameAs\":[\"https:\\\/\\\/www.facebook.com\\\/edition.subkultur\\\/\"]},{\"@type\":\"Person\",\"@id\":\"https:\\\/\\\/www.subkultur.de\\\/edition\\\/#\\\/schema\\\/person\\\/cd464c9503a700c1afa4f8699f8fc28c\",\"name\":\"Thomas Manegold\",\"image\":{\"@type\":\"ImageObject\",\"inLanguage\":\"de\",\"@id\":\"https:\\\/\\\/secure.gravatar.com\\\/avatar\\\/c47aa7babc226668f12215116df4ed72b4c669cd0c51a55da888717bdab00f5d?s=96&d=mm&r=g\",\"url\":\"https:\\\/\\\/secure.gravatar.com\\\/avatar\\\/c47aa7babc226668f12215116df4ed72b4c669cd0c51a55da888717bdab00f5d?s=96&d=mm&r=g\",\"contentUrl\":\"https:\\\/\\\/secure.gravatar.com\\\/avatar\\\/c47aa7babc226668f12215116df4ed72b4c669cd0c51a55da888717bdab00f5d?s=96&d=mm&r=g\",\"caption\":\"Thomas Manegold\"},\"description\":\"Thomas Manegold. Producer, Admin und VisdP bei Subkultur und beim Periplaneta Verlag. Mitglied der Leseb\u00fchnen OWUL und VISION &amp; WAHN, https:\\\/\\\/manegold.de\",\"sameAs\":[\"https:\\\/\\\/www.manegold.de\",\"https:\\\/\\\/de.wikipedia.org\\\/wiki\\\/Thomas_Manegold\"],\"url\":\"https:\\\/\\\/www.subkultur.de\\\/edition\\\/author\\\/thomas-manegold\\\/\"}]}<\/script>\n<!-- \/ Yoast SEO plugin. -->","yoast_head_json":{"title":"Lina Carlo - edition.subkultur","description":"In der Edition Subkultur erscheint nonkonforme Literatur. Wir ver\u00f6ffentlichen Shortstories, coole Romane, b\u00f6se Sachb\u00fccher und moderne urbane Literatur und Szeneliteratur. Edition Subkultur ist ein Imprint des Periplaneta Verlags Berlin.","robots":{"index":"index","follow":"follow","max-snippet":"max-snippet:-1","max-image-preview":"max-image-preview:large","max-video-preview":"max-video-preview:-1"},"canonical":"https:\/\/www.subkultur.de\/edition\/lina-carlo\/","og_locale":"de_DE","og_type":"article","og_title":"Lina Carlo - edition.subkultur","og_description":"In der Edition Subkultur erscheint nonkonforme Literatur. Wir ver\u00f6ffentlichen Shortstories, coole Romane, b\u00f6se Sachb\u00fccher und moderne urbane Literatur und Szeneliteratur. Edition Subkultur ist ein Imprint des Periplaneta Verlags Berlin.","og_url":"https:\/\/www.subkultur.de\/edition\/lina-carlo\/","og_site_name":"edition.subkultur","article_publisher":"https:\/\/www.facebook.com\/edition.subkultur\/","article_published_time":"2025-12-16T09:53:51+00:00","article_modified_time":"2025-12-16T10:34:57+00:00","og_image":[{"width":1120,"height":630,"url":"https:\/\/www.subkultur.de\/edition\/wp-content\/uploads\/2025\/12\/quer1200.jpg","type":"image\/jpeg"}],"author":"Thomas Manegold","twitter_card":"summary_large_image","twitter_misc":{"Verfasst von":"Thomas Manegold","Gesch\u00e4tzte Lesezeit":"1\u00a0Minute"},"schema":{"@context":"https:\/\/schema.org","@graph":[{"@type":"Article","@id":"https:\/\/www.subkultur.de\/edition\/lina-carlo\/#article","isPartOf":{"@id":"https:\/\/www.subkultur.de\/edition\/lina-carlo\/"},"author":{"name":"Thomas Manegold","@id":"https:\/\/www.subkultur.de\/edition\/#\/schema\/person\/cd464c9503a700c1afa4f8699f8fc28c"},"headline":"Lina Carlo","datePublished":"2025-12-16T09:53:51+00:00","dateModified":"2025-12-16T10:34:57+00:00","mainEntityOfPage":{"@id":"https:\/\/www.subkultur.de\/edition\/lina-carlo\/"},"wordCount":54,"publisher":{"@id":"https:\/\/www.subkultur.de\/edition\/#organization"},"image":{"@id":"https:\/\/www.subkultur.de\/edition\/lina-carlo\/#primaryimage"},"thumbnailUrl":"https:\/\/www.subkultur.de\/edition\/wp-content\/uploads\/2025\/12\/quer1200.jpg","articleSection":["K\u00fcnstler","subZINE"],"inLanguage":"de"},{"@type":"WebPage","@id":"https:\/\/www.subkultur.de\/edition\/lina-carlo\/","url":"https:\/\/www.subkultur.de\/edition\/lina-carlo\/","name":"Lina Carlo - edition.subkultur","isPartOf":{"@id":"https:\/\/www.subkultur.de\/edition\/#website"},"primaryImageOfPage":{"@id":"https:\/\/www.subkultur.de\/edition\/lina-carlo\/#primaryimage"},"image":{"@id":"https:\/\/www.subkultur.de\/edition\/lina-carlo\/#primaryimage"},"thumbnailUrl":"https:\/\/www.subkultur.de\/edition\/wp-content\/uploads\/2025\/12\/quer1200.jpg","datePublished":"2025-12-16T09:53:51+00:00","dateModified":"2025-12-16T10:34:57+00:00","description":"In der Edition Subkultur erscheint nonkonforme Literatur. Wir ver\u00f6ffentlichen Shortstories, coole Romane, b\u00f6se Sachb\u00fccher und moderne urbane Literatur und Szeneliteratur. Edition Subkultur ist ein Imprint des Periplaneta Verlags Berlin.","breadcrumb":{"@id":"https:\/\/www.subkultur.de\/edition\/lina-carlo\/#breadcrumb"},"inLanguage":"de","potentialAction":[{"@type":"ReadAction","target":["https:\/\/www.subkultur.de\/edition\/lina-carlo\/"]}]},{"@type":"ImageObject","inLanguage":"de","@id":"https:\/\/www.subkultur.de\/edition\/lina-carlo\/#primaryimage","url":"https:\/\/www.subkultur.de\/edition\/wp-content\/uploads\/2025\/12\/quer1200.jpg","contentUrl":"https:\/\/www.subkultur.de\/edition\/wp-content\/uploads\/2025\/12\/quer1200.jpg","width":1120,"height":630,"caption":"Lina Carlo - Edition Subkultur"},{"@type":"BreadcrumbList","@id":"https:\/\/www.subkultur.de\/edition\/lina-carlo\/#breadcrumb","itemListElement":[{"@type":"ListItem","position":1,"name":"Startseite","item":"https:\/\/www.subkultur.de\/edition\/"},{"@type":"ListItem","position":2,"name":"Lina Carlo"}]},{"@type":"WebSite","@id":"https:\/\/www.subkultur.de\/edition\/#website","url":"https:\/\/www.subkultur.de\/edition\/","name":"edition.subkultur","description":"Overground Literatur &amp; Music","publisher":{"@id":"https:\/\/www.subkultur.de\/edition\/#organization"},"potentialAction":[{"@type":"SearchAction","target":{"@type":"EntryPoint","urlTemplate":"https:\/\/www.subkultur.de\/edition\/?s={search_term_string}"},"query-input":{"@type":"PropertyValueSpecification","valueRequired":true,"valueName":"search_term_string"}}],"inLanguage":"de"},{"@type":"Organization","@id":"https:\/\/www.subkultur.de\/edition\/#organization","name":"Edition Subkultur","url":"https:\/\/www.subkultur.de\/edition\/","logo":{"@type":"ImageObject","inLanguage":"de","@id":"https:\/\/www.subkultur.de\/edition\/#\/schema\/logo\/image\/","url":"https:\/\/i0.wp.com\/www.subkultur.de\/edition\/wp-content\/uploads\/2018\/08\/sublogo3001.png?fit=300%2C111&ssl=1","contentUrl":"https:\/\/i0.wp.com\/www.subkultur.de\/edition\/wp-content\/uploads\/2018\/08\/sublogo3001.png?fit=300%2C111&ssl=1","width":300,"height":111,"caption":"Edition Subkultur"},"image":{"@id":"https:\/\/www.subkultur.de\/edition\/#\/schema\/logo\/image\/"},"sameAs":["https:\/\/www.facebook.com\/edition.subkultur\/"]},{"@type":"Person","@id":"https:\/\/www.subkultur.de\/edition\/#\/schema\/person\/cd464c9503a700c1afa4f8699f8fc28c","name":"Thomas Manegold","image":{"@type":"ImageObject","inLanguage":"de","@id":"https:\/\/secure.gravatar.com\/avatar\/c47aa7babc226668f12215116df4ed72b4c669cd0c51a55da888717bdab00f5d?s=96&d=mm&r=g","url":"https:\/\/secure.gravatar.com\/avatar\/c47aa7babc226668f12215116df4ed72b4c669cd0c51a55da888717bdab00f5d?s=96&d=mm&r=g","contentUrl":"https:\/\/secure.gravatar.com\/avatar\/c47aa7babc226668f12215116df4ed72b4c669cd0c51a55da888717bdab00f5d?s=96&d=mm&r=g","caption":"Thomas Manegold"},"description":"Thomas Manegold. Producer, Admin und VisdP bei Subkultur und beim Periplaneta Verlag. Mitglied der Leseb\u00fchnen OWUL und VISION &amp; WAHN, https:\/\/manegold.de","sameAs":["https:\/\/www.manegold.de","https:\/\/de.wikipedia.org\/wiki\/Thomas_Manegold"],"url":"https:\/\/www.subkultur.de\/edition\/author\/thomas-manegold\/"}]}},"jetpack_publicize_connections":[],"jetpack_featured_media_url":"https:\/\/www.subkultur.de\/edition\/wp-content\/uploads\/2025\/12\/quer1200.jpg","jetpack-related-posts":[{"id":7346,"url":"https:\/\/www.subkultur.de\/edition\/joost-renders-liest-live\/","url_meta":{"origin":8494,"position":0},"title":"Joost Renders liest live!","author":"Thomas Manegold","date":"06.09.2021","format":false,"excerpt":"Joost Renders auf dem Internationalen Literaturfestival zu Berlin. Bei der Festival-Er\u00f6ffnungsaktion \"Berlin liest\" ist auch unser Autor Joost Renders mit dabei: Ghosttown Records, Holteistr. 12 10245 Berlin, 15.00 Uhr Schallplanet Records, Boxhagener Str. 34 10245 Berlin, 19:30 Uhr Joost Renders hat in der Edition Subkultur den Berlin-Roman \"HOP ON HOP\u2026","rel":"","context":"In &quot;subZINE&quot;","block_context":{"text":"subZINE","link":"https:\/\/www.subkultur.de\/edition\/category\/blog\/"},"img":{"alt_text":"","src":"https:\/\/i0.wp.com\/www.subkultur.de\/edition\/wp-content\/uploads\/2020\/03\/joostrenders_01.jpg?resize=350%2C200&ssl=1","width":350,"height":200,"srcset":"https:\/\/i0.wp.com\/www.subkultur.de\/edition\/wp-content\/uploads\/2020\/03\/joostrenders_01.jpg?resize=350%2C200&ssl=1 1x, https:\/\/i0.wp.com\/www.subkultur.de\/edition\/wp-content\/uploads\/2020\/03\/joostrenders_01.jpg?resize=525%2C300&ssl=1 1.5x, https:\/\/i0.wp.com\/www.subkultur.de\/edition\/wp-content\/uploads\/2020\/03\/joostrenders_01.jpg?resize=700%2C400&ssl=1 2x"},"classes":[]},{"id":3552,"url":"https:\/\/www.subkultur.de\/edition\/kristjan-knall\/","url_meta":{"origin":8494,"position":1},"title":"Kristjan Knall","author":"Thomas Manegold","date":"05.12.2024","format":false,"excerpt":"Das Gesicht. Die Brille. Die Fellm\u00fctze. Herr Knall ist ber\u00fcchtigt und auch ein bisschen ber\u00fchmt. Er lebt und schreibt in Berlin und will ansonsten unerkannt bleiben. Hat er sich mit seinen Erstlingen \u00bbBerlin zum Abkacken\u00ab und \u00bb101 Gr\u00fcnde Berlin zu Hassen\u00ab 99 Prozent der Berliner zu Feinden gemacht, legte er\u2026","rel":"","context":"In &quot;K\u00fcnstler&quot;","block_context":{"text":"K\u00fcnstler","link":"https:\/\/www.subkultur.de\/edition\/category\/kuenstler\/"},"img":{"alt_text":"Kristjan-Knall- subkultur","src":"https:\/\/i0.wp.com\/www.subkultur.de\/edition\/wp-content\/uploads\/2019\/04\/Kristjan-Knall-1-e1558545839680.jpg?resize=350%2C200&ssl=1","width":350,"height":200,"srcset":"https:\/\/i0.wp.com\/www.subkultur.de\/edition\/wp-content\/uploads\/2019\/04\/Kristjan-Knall-1-e1558545839680.jpg?resize=350%2C200&ssl=1 1x, https:\/\/i0.wp.com\/www.subkultur.de\/edition\/wp-content\/uploads\/2019\/04\/Kristjan-Knall-1-e1558545839680.jpg?resize=525%2C300&ssl=1 1.5x, https:\/\/i0.wp.com\/www.subkultur.de\/edition\/wp-content\/uploads\/2019\/04\/Kristjan-Knall-1-e1558545839680.jpg?resize=700%2C400&ssl=1 2x, https:\/\/i0.wp.com\/www.subkultur.de\/edition\/wp-content\/uploads\/2019\/04\/Kristjan-Knall-1-e1558545839680.jpg?resize=1050%2C600&ssl=1 3x"},"classes":[]},{"id":5793,"url":"https:\/\/www.subkultur.de\/edition\/maria-und-das-fleisch-der-goldenen-kaelber\/","url_meta":{"origin":8494,"position":2},"title":"Maria und das Fleisch der goldenen K\u00e4lber","author":"Thomas Manegold","date":"02.11.2020","format":false,"excerpt":"Neues Buch von Philipp Bar. Philipp Bar l\u00e4sst seinem Indien-Buch einen coolen Krimi folgen. \"Maria und das Fleisch der goldenen K\u00e4lber\" ist ein zwar kurzer, aber sehr cooler Krimi. Mit Hund, verschrobenem Privatdedektiv und Femme Fatale. Das Cover ziert ein Graffiti von Alesh One. Die \"Berlin Nun\" stammt von einer\u2026","rel":"","context":"In &quot;subZINE&quot;","block_context":{"text":"subZINE","link":"https:\/\/www.subkultur.de\/edition\/category\/blog\/"},"img":{"alt_text":"PHILIPP BAAR: Maria und das Fleisch der goldenen K\u00e4lber","src":"https:\/\/i0.wp.com\/www.subkultur.de\/edition\/wp-content\/uploads\/2020\/11\/coverwebfb1.jpg?resize=350%2C200&ssl=1","width":350,"height":200,"srcset":"https:\/\/i0.wp.com\/www.subkultur.de\/edition\/wp-content\/uploads\/2020\/11\/coverwebfb1.jpg?resize=350%2C200&ssl=1 1x, https:\/\/i0.wp.com\/www.subkultur.de\/edition\/wp-content\/uploads\/2020\/11\/coverwebfb1.jpg?resize=525%2C300&ssl=1 1.5x, https:\/\/i0.wp.com\/www.subkultur.de\/edition\/wp-content\/uploads\/2020\/11\/coverwebfb1.jpg?resize=700%2C400&ssl=1 2x, https:\/\/i0.wp.com\/www.subkultur.de\/edition\/wp-content\/uploads\/2020\/11\/coverwebfb1.jpg?resize=1050%2C600&ssl=1 3x"},"classes":[]},{"id":2679,"url":"https:\/\/www.subkultur.de\/edition\/subkultur-nacht-am-23-03-2018\/","url_meta":{"origin":8494,"position":3},"title":"Subkultur Nacht am 23.03.2018","author":"Thomas Manegold","date":"22.03.2018","format":false,"excerpt":"Literatur und Musik abseits des Mainstreams bei Periplaneta Berlin. Die neue Angepasstheit grassiert, der neue Konformismus boomt, die neue Spie\u00dfigkeit greift um sich. Und ja, es gibt Menschen, die nichts anderes kennen. Aber Kunst muss manchmal auch wehtun. Anecken. Kontroversen ausl\u00f6sen. Die Edition Subkultur soll ein Label f\u00fcr ebensolche Kunst\u2026","rel":"","context":"In &quot;subZINE&quot;","block_context":{"text":"subZINE","link":"https:\/\/www.subkultur.de\/edition\/category\/blog\/"},"img":{"alt_text":"","src":"https:\/\/i0.wp.com\/www.subkultur.de\/edition\/wp-content\/uploads\/2018\/12\/IMG_3537-e1545258290935.jpg?resize=350%2C200&ssl=1","width":350,"height":200,"srcset":"https:\/\/i0.wp.com\/www.subkultur.de\/edition\/wp-content\/uploads\/2018\/12\/IMG_3537-e1545258290935.jpg?resize=350%2C200&ssl=1 1x, https:\/\/i0.wp.com\/www.subkultur.de\/edition\/wp-content\/uploads\/2018\/12\/IMG_3537-e1545258290935.jpg?resize=525%2C300&ssl=1 1.5x, https:\/\/i0.wp.com\/www.subkultur.de\/edition\/wp-content\/uploads\/2018\/12\/IMG_3537-e1545258290935.jpg?resize=700%2C400&ssl=1 2x, https:\/\/i0.wp.com\/www.subkultur.de\/edition\/wp-content\/uploads\/2018\/12\/IMG_3537-e1545258290935.jpg?resize=1050%2C600&ssl=1 3x"},"classes":[]},{"id":6760,"url":"https:\/\/www.subkultur.de\/edition\/mikis-wesensbitter-tourdaten\/","url_meta":{"origin":8494,"position":4},"title":"Mikis Wesensbitter: Tourdaten","author":"Thomas Manegold","date":"06.08.2021","format":false,"excerpt":"An der Mittellinie stehen die coolen Jungs\" live Wer h\u00e4tte gedacht, dass ein Trip in die fr\u00fchen 1980er Jahre so durchstartet. Die erste Auflage ist n\u00e4mlich schon vor den Lesungen nahezu ausverkauft ist. Derzeit k\u00e4mpfen wir mit Kurzarbeit und Engp\u00e4ssen in der Fertigung um Auflage 2. Die Abenteuer der Ostberliner\u2026","rel":"","context":"In &quot;subZINE&quot;","block_context":{"text":"subZINE","link":"https:\/\/www.subkultur.de\/edition\/category\/blog\/"},"img":{"alt_text":"Mikis Wesensbitter edition subkultur","src":"https:\/\/i0.wp.com\/www.subkultur.de\/edition\/wp-content\/uploads\/2018\/12\/DSC_0025-e1545257926355.jpg?resize=350%2C200&ssl=1","width":350,"height":200,"srcset":"https:\/\/i0.wp.com\/www.subkultur.de\/edition\/wp-content\/uploads\/2018\/12\/DSC_0025-e1545257926355.jpg?resize=350%2C200&ssl=1 1x, https:\/\/i0.wp.com\/www.subkultur.de\/edition\/wp-content\/uploads\/2018\/12\/DSC_0025-e1545257926355.jpg?resize=525%2C300&ssl=1 1.5x, https:\/\/i0.wp.com\/www.subkultur.de\/edition\/wp-content\/uploads\/2018\/12\/DSC_0025-e1545257926355.jpg?resize=700%2C400&ssl=1 2x, https:\/\/i0.wp.com\/www.subkultur.de\/edition\/wp-content\/uploads\/2018\/12\/DSC_0025-e1545257926355.jpg?resize=1050%2C600&ssl=1 3x"},"classes":[]},{"id":8186,"url":"https:\/\/www.subkultur.de\/edition\/boese-ist-besser-das-neue-buch-von-kristjan-knall\/","url_meta":{"origin":8494,"position":5},"title":"\u201cB\u00f6se ist besser\u201d Das neue Buch von Kristjan Knall","author":"Thomas Manegold","date":"23.06.2023","format":false,"excerpt":"Ja, es ist Pink. Und ja, es ist ein Ratgeber. Kristjan Knall ist unter die Coaches gegangen. Auf den Spuren von Vincent, seinem Alter Ego, hat uns der Teilzeitanarcho und Revoluzzer einen Ratgeber geschrieben und ein paar Anti-Regeln aufgestellt, die uns reich, sch\u00f6n und gl\u00fccklich machen werden. Und dieser Weg\u2026","rel":"","context":"In &quot;subZINE&quot;","block_context":{"text":"subZINE","link":"https:\/\/www.subkultur.de\/edition\/category\/blog\/"},"img":{"alt_text":"Kristjan Knall","src":"https:\/\/i0.wp.com\/www.subkultur.de\/edition\/wp-content\/uploads\/2023\/06\/presseweb-e1687537157635.jpg?resize=350%2C200&ssl=1","width":350,"height":200,"srcset":"https:\/\/i0.wp.com\/www.subkultur.de\/edition\/wp-content\/uploads\/2023\/06\/presseweb-e1687537157635.jpg?resize=350%2C200&ssl=1 1x, https:\/\/i0.wp.com\/www.subkultur.de\/edition\/wp-content\/uploads\/2023\/06\/presseweb-e1687537157635.jpg?resize=525%2C300&ssl=1 1.5x, https:\/\/i0.wp.com\/www.subkultur.de\/edition\/wp-content\/uploads\/2023\/06\/presseweb-e1687537157635.jpg?resize=700%2C400&ssl=1 2x, https:\/\/i0.wp.com\/www.subkultur.de\/edition\/wp-content\/uploads\/2023\/06\/presseweb-e1687537157635.jpg?resize=1050%2C600&ssl=1 3x"},"classes":[]}],"jetpack_sharing_enabled":true,"_links":{"self":[{"href":"https:\/\/www.subkultur.de\/edition\/wp-json\/wp\/v2\/posts\/8494","targetHints":{"allow":["GET"]}}],"collection":[{"href":"https:\/\/www.subkultur.de\/edition\/wp-json\/wp\/v2\/posts"}],"about":[{"href":"https:\/\/www.subkultur.de\/edition\/wp-json\/wp\/v2\/types\/post"}],"author":[{"embeddable":true,"href":"https:\/\/www.subkultur.de\/edition\/wp-json\/wp\/v2\/users\/1"}],"replies":[{"embeddable":true,"href":"https:\/\/www.subkultur.de\/edition\/wp-json\/wp\/v2\/comments?post=8494"}],"version-history":[{"count":2,"href":"https:\/\/www.subkultur.de\/edition\/wp-json\/wp\/v2\/posts\/8494\/revisions"}],"predecessor-version":[{"id":8497,"href":"https:\/\/www.subkultur.de\/edition\/wp-json\/wp\/v2\/posts\/8494\/revisions\/8497"}],"wp:featuredmedia":[{"embeddable":true,"href":"https:\/\/www.subkultur.de\/edition\/wp-json\/wp\/v2\/media\/8495"}],"wp:attachment":[{"href":"https:\/\/www.subkultur.de\/edition\/wp-json\/wp\/v2\/media?parent=8494"}],"wp:term":[{"taxonomy":"category","embeddable":true,"href":"https:\/\/www.subkultur.de\/edition\/wp-json\/wp\/v2\/categories?post=8494"},{"taxonomy":"post_tag","embeddable":true,"href":"https:\/\/www.subkultur.de\/edition\/wp-json\/wp\/v2\/tags?post=8494"}],"curies":[{"name":"wp","href":"https:\/\/api.w.org\/{rel}","templated":true}]}}