{"id":8513,"date":"2025-12-27T10:31:46","date_gmt":"2025-12-27T09:31:46","guid":{"rendered":"https:\/\/www.subkultur.de\/edition\/?p=8513"},"modified":"2025-12-29T07:51:50","modified_gmt":"2025-12-29T06:51:50","slug":"carsten-klatte-interior","status":"publish","type":"post","link":"https:\/\/www.subkultur.de\/edition\/carsten-klatte-interior\/","title":{"rendered":"Carsten Klatte &#8222;Interiora&#8220;"},"content":{"rendered":"\n<p><img loading=\"lazy\" decoding=\"async\" width=\"1200\" height=\"1200\" data-attachment-id=\"8520\" data-permalink=\"https:\/\/www.subkultur.de\/edition\/carsten-klatte-interior\/interiorawenb\/\" data-orig-file=\"https:\/\/www.subkultur.de\/edition\/wp-content\/uploads\/2025\/12\/interiorawenb.jpg\" data-orig-size=\"1200,1200\" data-comments-opened=\"0\" data-image-meta=\"{&quot;aperture&quot;:&quot;0&quot;,&quot;credit&quot;:&quot;&quot;,&quot;camera&quot;:&quot;&quot;,&quot;caption&quot;:&quot;&quot;,&quot;created_timestamp&quot;:&quot;0&quot;,&quot;copyright&quot;:&quot;&quot;,&quot;focal_length&quot;:&quot;0&quot;,&quot;iso&quot;:&quot;0&quot;,&quot;shutter_speed&quot;:&quot;0&quot;,&quot;title&quot;:&quot;&quot;,&quot;orientation&quot;:&quot;0&quot;}\" data-image-title=\"Carsten Klatte &amp;#8211; Interiora &amp;#8211; Subkultur\" data-image-description=\"&lt;p&gt;Carsten Klatte &amp;#8211; Interiora &amp;#8211; Subkultur&lt;\/p&gt;\n\" data-image-caption=\"\" data-large-file=\"https:\/\/www.subkultur.de\/edition\/wp-content\/uploads\/2025\/12\/interiorawenb.jpg\" ,=\"\" align=\"right\" class=\"wp-image-8520\" style=\"width: 40%\" src=\"https:\/\/www.subkultur.de\/edition\/wp-content\/uploads\/2025\/12\/interiorawenb.jpg\" alt=\"Carsten Klatte - Interiora - Subkultur\" srcset=\"https:\/\/www.subkultur.de\/edition\/wp-content\/uploads\/2025\/12\/interiorawenb.jpg 1200w, https:\/\/www.subkultur.de\/edition\/wp-content\/uploads\/2025\/12\/interiorawenb-400x400.jpg 400w, https:\/\/www.subkultur.de\/edition\/wp-content\/uploads\/2025\/12\/interiorawenb-200x200.jpg 200w, https:\/\/www.subkultur.de\/edition\/wp-content\/uploads\/2025\/12\/interiorawenb-768x768.jpg 768w, https:\/\/www.subkultur.de\/edition\/wp-content\/uploads\/2025\/12\/interiorawenb-300x300.jpg 300w, https:\/\/www.subkultur.de\/edition\/wp-content\/uploads\/2025\/12\/interiorawenb-650x650.jpg 650w, https:\/\/www.subkultur.de\/edition\/wp-content\/uploads\/2025\/12\/interiorawenb-100x100.jpg 100w\" sizes=\"auto, (max-width: 1200px) 100vw, 1200px\" \/>Mit &#8222;Interiora&#8220; ist bei Subkultur zum Winteranfang 2025 das neue Solo-Album von Carsten Klatte erschienen.<br \/>&#8222;<em>Interiora<\/em>&#8220; <em>wurde von Juni 2024 bis Juni<\/em> <em>2025 @ Mental Radio Station Berlin aufgenommen. Alle Tracks<\/em> <em>wurden w\u00e4hrend der Aufnahme improvisiert<\/em>. <br \/><em>Instrumente und Produktion: Carsten Klatte.<\/em><br \/><em>G\u00e4ste: Beg\u00fcm T\u00fczemen, Ilja Pletner, Monica<\/em>, <em>Dayaram, Sche, und Serena Gru<\/em>\u00df.<br \/><em><strong>Tracks<\/strong>:<\/em><br \/><em>1. Out for eternity<\/em><br \/><em>2. Cefa feat. Beg\u00fcm T\u00fczemen<\/em><br \/><em>3. Soloto feat. Ilja Pletner<\/em><br \/><em>4. Mit n Kleo<\/em><br \/><em>5. En tu esencia feat. Monica Dayaram<\/em><br \/><em>6. Ghalb feat. Sche<\/em><br \/><em>7. Sang<\/em><br \/><em>8. Meeren feat. Serena Gru<\/em>\u00df<br \/><em>9. Oyasumi<\/em><\/p>\n\n\n\n<p><a href=\"https:\/\/music.amazon.de\/albums\/B0G7RZQQR9\">Amazon Music<\/a><\/p>\n\n\n\n<p><a href=\"https:\/\/music.apple.com\/de\/album\/interiora\/1861978771\">Apple Music<\/a><\/p>\n\n\n\n<p><a href=\"https:\/\/www.deezer.com\/album\/878880012\">Deezer<\/a><\/p>\n\n\n\n<p><a href=\"https:\/\/soundcloud.com\/carstenklatte\/sets\/interiora\">Soundcloud<\/a><\/p>\n\n\n\n<p><a href=\"https:\/\/open.spotify.com\/album\/2uQ4yssGVlxrxLuqEQxtoU\">Spotify<\/a><\/p>\n\n\n\n<p>Und bei weiteren Download &amp; Streaming-Anbietern. <\/p>\n\n\n\n<p>(Orig. Artist-Picture by Olaf Rauch)<\/p>\n\n\n\n<p><\/p>\n<div class=\"shariff shariff-align-left shariff-widget-align-left\"><ul class=\"shariff-buttons theme-round orientation-horizontal buttonsize-small\"><li class=\"shariff-button facebook\" style=\"background-color:#666666\"><a href=\"https:\/\/www.facebook.com\/sharer\/sharer.php?u=https%3A%2F%2Fwww.subkultur.de%2Fedition%2Fcarsten-klatte-interior%2F\" title=\"Bei Facebook teilen\" aria-label=\"Bei Facebook teilen\" role=\"button\" rel=\"nofollow\" class=\"shariff-link\" style=\"; background-color:#990000; color:#fff\" target=\"_blank\"><span class=\"shariff-icon\" style=\"\"><svg width=\"32px\" height=\"20px\" xmlns=\"http:\/\/www.w3.org\/2000\/svg\" viewBox=\"0 0 18 32\"><path fill=\"#3b5998\" d=\"M17.1 0.2v4.7h-2.8q-1.5 0-2.1 0.6t-0.5 1.9v3.4h5.2l-0.7 5.3h-4.5v13.6h-5.5v-13.6h-4.5v-5.3h4.5v-3.9q0-3.3 1.9-5.2t5-1.8q2.6 0 4.1 0.2z\"\/><\/svg><\/span><\/a><\/li><li class=\"shariff-button twitter\" style=\"background-color:#666666\"><a href=\"https:\/\/twitter.com\/share?url=https%3A%2F%2Fwww.subkultur.de%2Fedition%2Fcarsten-klatte-interior%2F&text=Carsten%20Klatte%20%E2%80%9EInteriora%E2%80%9C\" title=\"Bei X teilen\" aria-label=\"Bei X teilen\" role=\"button\" rel=\"noopener nofollow\" class=\"shariff-link\" style=\"; background-color:#990000; color:#fff\" target=\"_blank\"><span class=\"shariff-icon\" style=\"\"><svg width=\"32px\" height=\"20px\" xmlns=\"http:\/\/www.w3.org\/2000\/svg\" viewBox=\"0 0 24 24\"><path fill=\"#000\" d=\"M14.258 10.152L23.176 0h-2.113l-7.747 8.813L7.133 0H0l9.352 13.328L0 23.973h2.113l8.176-9.309 6.531 9.309h7.133zm-2.895 3.293l-.949-1.328L2.875 1.56h3.246l6.086 8.523.945 1.328 7.91 11.078h-3.246zm0 0\"\/><\/svg><\/span><\/a><\/li><li class=\"shariff-button whatsapp shariff-mobile\" style=\"background-color:#666666\"><a href=\"https:\/\/api.whatsapp.com\/send?text=https%3A%2F%2Fwww.subkultur.de%2Fedition%2Fcarsten-klatte-interior%2F%20Carsten%20Klatte%20%E2%80%9EInteriora%E2%80%9C\" title=\"Bei Whatsapp teilen\" aria-label=\"Bei Whatsapp teilen\" role=\"button\" rel=\"noopener nofollow\" class=\"shariff-link\" style=\"; background-color:#990000; color:#fff\" target=\"_blank\"><span class=\"shariff-icon\" style=\"\"><svg width=\"32px\" height=\"20px\" xmlns=\"http:\/\/www.w3.org\/2000\/svg\" viewBox=\"0 0 32 32\"><path fill=\"#34af23\" d=\"M17.6 17.4q0.2 0 1.7 0.8t1.6 0.9q0 0.1 0 0.3 0 0.6-0.3 1.4-0.3 0.7-1.3 1.2t-1.8 0.5q-1 0-3.4-1.1-1.7-0.8-3-2.1t-2.6-3.3q-1.3-1.9-1.3-3.5v-0.1q0.1-1.6 1.3-2.8 0.4-0.4 0.9-0.4 0.1 0 0.3 0t0.3 0q0.3 0 0.5 0.1t0.3 0.5q0.1 0.4 0.6 1.6t0.4 1.3q0 0.4-0.6 1t-0.6 0.8q0 0.1 0.1 0.3 0.6 1.3 1.8 2.4 1 0.9 2.7 1.8 0.2 0.1 0.4 0.1 0.3 0 1-0.9t0.9-0.9zM14 26.9q2.3 0 4.3-0.9t3.6-2.4 2.4-3.6 0.9-4.3-0.9-4.3-2.4-3.6-3.6-2.4-4.3-0.9-4.3 0.9-3.6 2.4-2.4 3.6-0.9 4.3q0 3.6 2.1 6.6l-1.4 4.2 4.3-1.4q2.8 1.9 6.2 1.9zM14 2.2q2.7 0 5.2 1.1t4.3 2.9 2.9 4.3 1.1 5.2-1.1 5.2-2.9 4.3-4.3 2.9-5.2 1.1q-3.5 0-6.5-1.7l-7.4 2.4 2.4-7.2q-1.9-3.2-1.9-6.9 0-2.7 1.1-5.2t2.9-4.3 4.3-2.9 5.2-1.1z\"\/><\/svg><\/span><\/a><\/li><li class=\"shariff-button paypal\" style=\"background-color:#666666\"><a href=\"https:\/\/www.paypal.com\/cgi-bin\/webscr?cmd=_s-xclick&#038;hosted_button_id=PLJWJSQLT8Z36\" title=\"Spenden mit PayPal\" aria-label=\"Spenden mit PayPal\" role=\"button\" rel=\"noopener nofollow\" class=\"shariff-link\" style=\"; background-color:#990000; color:#fff\" target=\"_blank\"><span class=\"shariff-icon\" style=\"\"><svg width=\"32px\" height=\"20px\" xmlns=\"http:\/\/www.w3.org\/2000\/svg\" viewBox=\"0 0 32 32\"><path fill=\"#009cde\" d=\"M19.9 8q0-2.8-4.2-2.8h-1.2q-0.6 0-1.1 0.4t-0.6 0.9l-1.1 4.9q0 0.1 0 0.3 0 0.4 0.3 0.7t0.7 0.3h0.9q1.2 0 2.3-0.2t2-0.7 1.5-1.5 0.5-2.3zM30.6 10.7q0 4.7-3.9 7.6-3.9 2.9-10.9 2.9h-1.1q-0.6 0-1.1 0.4t-0.6 0.9l-1.3 5.6q-0.1 0.6-0.7 1.1t-1.2 0.5h-3.8q-0.6 0-0.9-0.4t-0.4-0.9q0-0.2 0.2-1.2h2.7q0.6 0 1.1-0.4t0.7-1l1.3-5.6q0.1-0.6 0.7-1t1.1-0.4h1.1q7 0 10.8-2.9t3.9-7.5q0-2.3-0.9-3.7 3.3 1.6 3.3 6zM27.4 7.4q0 4.7-3.9 7.6-3.9 2.9-10.9 2.9h-1.1q-0.6 0-1.1 0.4t-0.6 0.9l-1.3 5.6q-0.1 0.6-0.7 1.1t-1.2 0.5h-3.8q-0.6 0-0.9-0.3t-0.4-0.9q0-0.1 0-0.4l5.4-23.2q0.1-0.6 0.7-1.1t1.2-0.5h7.9q1.2 0 2.2 0.1t2.2 0.3 2 0.5 1.7 0.9 1.4 1.3 0.9 1.8 0.3 2.4z\"\/><\/svg><\/span><\/a><\/li><li class=\"shariff-button rss\" style=\"background-color:#666666\"><a href=\"https:\/\/www.subkultur.de\/edition\/feed\/rss\/\" title=\"RSS-feed\" aria-label=\"RSS-feed\" role=\"button\" class=\"shariff-link\" style=\"; background-color:#990000; color:#fff\" target=\"_blank\"><span class=\"shariff-icon\" style=\"\"><svg width=\"32px\" height=\"20px\" xmlns=\"http:\/\/www.w3.org\/2000\/svg\" viewBox=\"0 0 32 32\"><path fill=\"#fe9312\" d=\"M4.3 23.5c-2.3 0-4.3 1.9-4.3 4.3 0 2.3 1.9 4.2 4.3 4.2 2.4 0 4.3-1.9 4.3-4.2 0-2.3-1.9-4.3-4.3-4.3zM0 10.9v6.1c4 0 7.7 1.6 10.6 4.4 2.8 2.8 4.4 6.6 4.4 10.6h6.2c0-11.7-9.5-21.1-21.1-21.1zM0 0v6.1c14.2 0 25.8 11.6 25.8 25.9h6.2c0-17.6-14.4-32-32-32z\"\/><\/svg><\/span><\/a><\/li><\/ul><\/div>","protected":false},"excerpt":{"rendered":"<p>Mit &#8222;Interiora&#8220; ist bei Subkultur zum Winteranfang 2025 das neue Solo-Album von Carsten Klatte erschienen.&#8222;Interiora&#8220; wurde von Juni 2024 bis Juni 2025 @ Mental Radio Station Berlin aufgenommen. Alle Tracks wurden w\u00e4hrend der Aufnahme improvisiert. Instrumente und Produktion: Carsten Klatte.G\u00e4ste: Beg\u00fcm T\u00fczemen, Ilja Pletner, Monica, Dayaram, Sche, und Serena Gru\u00df.Tracks:1. Out for eternity2. Cefa feat. [&hellip;]<\/p>\n","protected":false},"author":1,"featured_media":8522,"comment_status":"closed","ping_status":"open","sticky":false,"template":"","format":"standard","meta":{"_jetpack_memberships_contains_paid_content":false,"footnotes":"","jetpack_publicize_message":"","jetpack_publicize_feature_enabled":true,"jetpack_social_post_already_shared":true,"jetpack_social_options":{"image_generator_settings":{"template":"highway","default_image_id":0,"font":"","enabled":false},"version":2}},"categories":[2],"tags":[81,54,25,82],"class_list":["post-8513","post","type-post","status-publish","format-standard","has-post-thumbnail","hentry","category-blog","tag-carsten-klatte","tag-edition-subkultur","tag-overground","tag-widukind"],"yoast_head":"<!-- This site is optimized with the Yoast SEO plugin v27.4 - https:\/\/yoast.com\/product\/yoast-seo-wordpress\/ -->\n<title>Carsten Klatte &quot;Interiora&quot; - edition.subkultur<\/title>\n<meta name=\"description\" content=\"Mit &quot;Interiora&quot; ist bei Subkultur zum Winteranfang 2025 das neue Solo-Album von Carsten Klatte erschienen.\" \/>\n<meta name=\"robots\" content=\"index, follow, max-snippet:-1, max-image-preview:large, max-video-preview:-1\" \/>\n<link rel=\"canonical\" href=\"https:\/\/www.subkultur.de\/edition\/carsten-klatte-interior\/\" \/>\n<meta property=\"og:locale\" content=\"de_DE\" \/>\n<meta property=\"og:type\" content=\"article\" \/>\n<meta property=\"og:title\" content=\"Carsten Klatte\" \/>\n<meta property=\"og:description\" content=\"Mit &quot;Interiora&quot; ist bei Subkultur zum Winteranfang 2025 das neue Solo-Album von Carsten Klatte erschienen.\" \/>\n<meta property=\"og:url\" content=\"https:\/\/www.subkultur.de\/edition\/carsten-klatte-interior\/\" \/>\n<meta property=\"og:site_name\" content=\"edition.subkultur\" \/>\n<meta property=\"article:publisher\" content=\"https:\/\/www.facebook.com\/edition.subkultur\/\" \/>\n<meta property=\"article:published_time\" content=\"2025-12-27T09:31:46+00:00\" \/>\n<meta property=\"article:modified_time\" content=\"2025-12-29T06:51:50+00:00\" \/>\n<meta property=\"og:image\" content=\"https:\/\/www.subkultur.de\/edition\/wp-content\/uploads\/2025\/12\/interiorawenb.jpg\" \/>\n\t<meta property=\"og:image:width\" content=\"1200\" \/>\n\t<meta property=\"og:image:height\" content=\"1200\" \/>\n\t<meta property=\"og:image:type\" content=\"image\/jpeg\" \/>\n<meta name=\"author\" content=\"Thomas Manegold\" \/>\n<meta name=\"twitter:card\" content=\"summary_large_image\" \/>\n<meta name=\"twitter:title\" content=\"Carsten Klatte\" \/>\n<meta name=\"twitter:description\" content=\"Mit &quot;Interiora&quot; ist bei Subkultur zum Winteranfang 2025 das neue Solo-Album von Carsten Klatte erschienen.\" \/>\n<meta name=\"twitter:image\" content=\"https:\/\/www.subkultur.de\/edition\/wp-content\/uploads\/2025\/12\/interiorawenb.jpg\" \/>\n<meta name=\"twitter:label1\" content=\"Verfasst von\" \/>\n\t<meta name=\"twitter:data1\" content=\"Thomas Manegold\" \/>\n\t<meta name=\"twitter:label2\" content=\"Gesch\u00e4tzte Lesezeit\" \/>\n\t<meta name=\"twitter:data2\" content=\"2\u00a0Minuten\" \/>\n<script type=\"application\/ld+json\" class=\"yoast-schema-graph\">{\"@context\":\"https:\\\/\\\/schema.org\",\"@graph\":[{\"@type\":\"Article\",\"@id\":\"https:\\\/\\\/www.subkultur.de\\\/edition\\\/carsten-klatte-interior\\\/#article\",\"isPartOf\":{\"@id\":\"https:\\\/\\\/www.subkultur.de\\\/edition\\\/carsten-klatte-interior\\\/\"},\"author\":{\"name\":\"Thomas Manegold\",\"@id\":\"https:\\\/\\\/www.subkultur.de\\\/edition\\\/#\\\/schema\\\/person\\\/cd464c9503a700c1afa4f8699f8fc28c\"},\"headline\":\"Carsten Klatte &#8222;Interiora&#8220;\",\"datePublished\":\"2025-12-27T09:31:46+00:00\",\"dateModified\":\"2025-12-29T06:51:50+00:00\",\"mainEntityOfPage\":{\"@id\":\"https:\\\/\\\/www.subkultur.de\\\/edition\\\/carsten-klatte-interior\\\/\"},\"wordCount\":105,\"publisher\":{\"@id\":\"https:\\\/\\\/www.subkultur.de\\\/edition\\\/#organization\"},\"image\":{\"@id\":\"https:\\\/\\\/www.subkultur.de\\\/edition\\\/carsten-klatte-interior\\\/#primaryimage\"},\"thumbnailUrl\":\"https:\\\/\\\/www.subkultur.de\\\/edition\\\/wp-content\\\/uploads\\\/2025\\\/12\\\/Carsten-Klatte-2022-by-Olaf-Rauch-.jpg\",\"keywords\":[\"Carsten Klatte\",\"Edition Subkultur\",\"Overground\",\"Widukind\"],\"articleSection\":[\"subZINE\"],\"inLanguage\":\"de\"},{\"@type\":\"WebPage\",\"@id\":\"https:\\\/\\\/www.subkultur.de\\\/edition\\\/carsten-klatte-interior\\\/\",\"url\":\"https:\\\/\\\/www.subkultur.de\\\/edition\\\/carsten-klatte-interior\\\/\",\"name\":\"Carsten Klatte \\\"Interiora\\\" - edition.subkultur\",\"isPartOf\":{\"@id\":\"https:\\\/\\\/www.subkultur.de\\\/edition\\\/#website\"},\"primaryImageOfPage\":{\"@id\":\"https:\\\/\\\/www.subkultur.de\\\/edition\\\/carsten-klatte-interior\\\/#primaryimage\"},\"image\":{\"@id\":\"https:\\\/\\\/www.subkultur.de\\\/edition\\\/carsten-klatte-interior\\\/#primaryimage\"},\"thumbnailUrl\":\"https:\\\/\\\/www.subkultur.de\\\/edition\\\/wp-content\\\/uploads\\\/2025\\\/12\\\/Carsten-Klatte-2022-by-Olaf-Rauch-.jpg\",\"datePublished\":\"2025-12-27T09:31:46+00:00\",\"dateModified\":\"2025-12-29T06:51:50+00:00\",\"description\":\"Mit \\\"Interiora\\\" ist bei Subkultur zum Winteranfang 2025 das neue Solo-Album von Carsten Klatte erschienen.\",\"breadcrumb\":{\"@id\":\"https:\\\/\\\/www.subkultur.de\\\/edition\\\/carsten-klatte-interior\\\/#breadcrumb\"},\"inLanguage\":\"de\",\"potentialAction\":[{\"@type\":\"ReadAction\",\"target\":[\"https:\\\/\\\/www.subkultur.de\\\/edition\\\/carsten-klatte-interior\\\/\"]}]},{\"@type\":\"ImageObject\",\"inLanguage\":\"de\",\"@id\":\"https:\\\/\\\/www.subkultur.de\\\/edition\\\/carsten-klatte-interior\\\/#primaryimage\",\"url\":\"https:\\\/\\\/www.subkultur.de\\\/edition\\\/wp-content\\\/uploads\\\/2025\\\/12\\\/Carsten-Klatte-2022-by-Olaf-Rauch-.jpg\",\"contentUrl\":\"https:\\\/\\\/www.subkultur.de\\\/edition\\\/wp-content\\\/uploads\\\/2025\\\/12\\\/Carsten-Klatte-2022-by-Olaf-Rauch-.jpg\",\"width\":1120,\"height\":630},{\"@type\":\"BreadcrumbList\",\"@id\":\"https:\\\/\\\/www.subkultur.de\\\/edition\\\/carsten-klatte-interior\\\/#breadcrumb\",\"itemListElement\":[{\"@type\":\"ListItem\",\"position\":1,\"name\":\"Startseite\",\"item\":\"https:\\\/\\\/www.subkultur.de\\\/edition\\\/\"},{\"@type\":\"ListItem\",\"position\":2,\"name\":\"Carsten Klatte &#8222;Interiora&#8220;\"}]},{\"@type\":\"WebSite\",\"@id\":\"https:\\\/\\\/www.subkultur.de\\\/edition\\\/#website\",\"url\":\"https:\\\/\\\/www.subkultur.de\\\/edition\\\/\",\"name\":\"edition.subkultur\",\"description\":\"Overground Literatur &amp; Music\",\"publisher\":{\"@id\":\"https:\\\/\\\/www.subkultur.de\\\/edition\\\/#organization\"},\"potentialAction\":[{\"@type\":\"SearchAction\",\"target\":{\"@type\":\"EntryPoint\",\"urlTemplate\":\"https:\\\/\\\/www.subkultur.de\\\/edition\\\/?s={search_term_string}\"},\"query-input\":{\"@type\":\"PropertyValueSpecification\",\"valueRequired\":true,\"valueName\":\"search_term_string\"}}],\"inLanguage\":\"de\"},{\"@type\":\"Organization\",\"@id\":\"https:\\\/\\\/www.subkultur.de\\\/edition\\\/#organization\",\"name\":\"Edition Subkultur\",\"url\":\"https:\\\/\\\/www.subkultur.de\\\/edition\\\/\",\"logo\":{\"@type\":\"ImageObject\",\"inLanguage\":\"de\",\"@id\":\"https:\\\/\\\/www.subkultur.de\\\/edition\\\/#\\\/schema\\\/logo\\\/image\\\/\",\"url\":\"https:\\\/\\\/i0.wp.com\\\/www.subkultur.de\\\/edition\\\/wp-content\\\/uploads\\\/2018\\\/08\\\/sublogo3001.png?fit=300%2C111&ssl=1\",\"contentUrl\":\"https:\\\/\\\/i0.wp.com\\\/www.subkultur.de\\\/edition\\\/wp-content\\\/uploads\\\/2018\\\/08\\\/sublogo3001.png?fit=300%2C111&ssl=1\",\"width\":300,\"height\":111,\"caption\":\"Edition Subkultur\"},\"image\":{\"@id\":\"https:\\\/\\\/www.subkultur.de\\\/edition\\\/#\\\/schema\\\/logo\\\/image\\\/\"},\"sameAs\":[\"https:\\\/\\\/www.facebook.com\\\/edition.subkultur\\\/\"]},{\"@type\":\"Person\",\"@id\":\"https:\\\/\\\/www.subkultur.de\\\/edition\\\/#\\\/schema\\\/person\\\/cd464c9503a700c1afa4f8699f8fc28c\",\"name\":\"Thomas Manegold\",\"image\":{\"@type\":\"ImageObject\",\"inLanguage\":\"de\",\"@id\":\"https:\\\/\\\/secure.gravatar.com\\\/avatar\\\/c47aa7babc226668f12215116df4ed72b4c669cd0c51a55da888717bdab00f5d?s=96&d=mm&r=g\",\"url\":\"https:\\\/\\\/secure.gravatar.com\\\/avatar\\\/c47aa7babc226668f12215116df4ed72b4c669cd0c51a55da888717bdab00f5d?s=96&d=mm&r=g\",\"contentUrl\":\"https:\\\/\\\/secure.gravatar.com\\\/avatar\\\/c47aa7babc226668f12215116df4ed72b4c669cd0c51a55da888717bdab00f5d?s=96&d=mm&r=g\",\"caption\":\"Thomas Manegold\"},\"description\":\"Thomas Manegold. Producer, Admin und VisdP bei Subkultur und beim Periplaneta Verlag. Mitglied der Leseb\u00fchnen OWUL und VISION &amp; WAHN, https:\\\/\\\/manegold.de\",\"sameAs\":[\"https:\\\/\\\/www.manegold.de\",\"https:\\\/\\\/de.wikipedia.org\\\/wiki\\\/Thomas_Manegold\"],\"url\":\"https:\\\/\\\/www.subkultur.de\\\/edition\\\/author\\\/thomas-manegold\\\/\"}]}<\/script>\n<!-- \/ Yoast SEO plugin. -->","yoast_head_json":{"title":"Carsten Klatte \"Interiora\" - edition.subkultur","description":"Mit \"Interiora\" ist bei Subkultur zum Winteranfang 2025 das neue Solo-Album von Carsten Klatte erschienen.","robots":{"index":"index","follow":"follow","max-snippet":"max-snippet:-1","max-image-preview":"max-image-preview:large","max-video-preview":"max-video-preview:-1"},"canonical":"https:\/\/www.subkultur.de\/edition\/carsten-klatte-interior\/","og_locale":"de_DE","og_type":"article","og_title":"Carsten Klatte","og_description":"Mit \"Interiora\" ist bei Subkultur zum Winteranfang 2025 das neue Solo-Album von Carsten Klatte erschienen.","og_url":"https:\/\/www.subkultur.de\/edition\/carsten-klatte-interior\/","og_site_name":"edition.subkultur","article_publisher":"https:\/\/www.facebook.com\/edition.subkultur\/","article_published_time":"2025-12-27T09:31:46+00:00","article_modified_time":"2025-12-29T06:51:50+00:00","og_image":[{"width":1200,"height":1200,"url":"https:\/\/www.subkultur.de\/edition\/wp-content\/uploads\/2025\/12\/interiorawenb.jpg","type":"image\/jpeg"}],"author":"Thomas Manegold","twitter_card":"summary_large_image","twitter_title":"Carsten Klatte","twitter_description":"Mit \"Interiora\" ist bei Subkultur zum Winteranfang 2025 das neue Solo-Album von Carsten Klatte erschienen.","twitter_image":"https:\/\/www.subkultur.de\/edition\/wp-content\/uploads\/2025\/12\/interiorawenb.jpg","twitter_misc":{"Verfasst von":"Thomas Manegold","Gesch\u00e4tzte Lesezeit":"2\u00a0Minuten"},"schema":{"@context":"https:\/\/schema.org","@graph":[{"@type":"Article","@id":"https:\/\/www.subkultur.de\/edition\/carsten-klatte-interior\/#article","isPartOf":{"@id":"https:\/\/www.subkultur.de\/edition\/carsten-klatte-interior\/"},"author":{"name":"Thomas Manegold","@id":"https:\/\/www.subkultur.de\/edition\/#\/schema\/person\/cd464c9503a700c1afa4f8699f8fc28c"},"headline":"Carsten Klatte &#8222;Interiora&#8220;","datePublished":"2025-12-27T09:31:46+00:00","dateModified":"2025-12-29T06:51:50+00:00","mainEntityOfPage":{"@id":"https:\/\/www.subkultur.de\/edition\/carsten-klatte-interior\/"},"wordCount":105,"publisher":{"@id":"https:\/\/www.subkultur.de\/edition\/#organization"},"image":{"@id":"https:\/\/www.subkultur.de\/edition\/carsten-klatte-interior\/#primaryimage"},"thumbnailUrl":"https:\/\/www.subkultur.de\/edition\/wp-content\/uploads\/2025\/12\/Carsten-Klatte-2022-by-Olaf-Rauch-.jpg","keywords":["Carsten Klatte","Edition Subkultur","Overground","Widukind"],"articleSection":["subZINE"],"inLanguage":"de"},{"@type":"WebPage","@id":"https:\/\/www.subkultur.de\/edition\/carsten-klatte-interior\/","url":"https:\/\/www.subkultur.de\/edition\/carsten-klatte-interior\/","name":"Carsten Klatte \"Interiora\" - edition.subkultur","isPartOf":{"@id":"https:\/\/www.subkultur.de\/edition\/#website"},"primaryImageOfPage":{"@id":"https:\/\/www.subkultur.de\/edition\/carsten-klatte-interior\/#primaryimage"},"image":{"@id":"https:\/\/www.subkultur.de\/edition\/carsten-klatte-interior\/#primaryimage"},"thumbnailUrl":"https:\/\/www.subkultur.de\/edition\/wp-content\/uploads\/2025\/12\/Carsten-Klatte-2022-by-Olaf-Rauch-.jpg","datePublished":"2025-12-27T09:31:46+00:00","dateModified":"2025-12-29T06:51:50+00:00","description":"Mit \"Interiora\" ist bei Subkultur zum Winteranfang 2025 das neue Solo-Album von Carsten Klatte erschienen.","breadcrumb":{"@id":"https:\/\/www.subkultur.de\/edition\/carsten-klatte-interior\/#breadcrumb"},"inLanguage":"de","potentialAction":[{"@type":"ReadAction","target":["https:\/\/www.subkultur.de\/edition\/carsten-klatte-interior\/"]}]},{"@type":"ImageObject","inLanguage":"de","@id":"https:\/\/www.subkultur.de\/edition\/carsten-klatte-interior\/#primaryimage","url":"https:\/\/www.subkultur.de\/edition\/wp-content\/uploads\/2025\/12\/Carsten-Klatte-2022-by-Olaf-Rauch-.jpg","contentUrl":"https:\/\/www.subkultur.de\/edition\/wp-content\/uploads\/2025\/12\/Carsten-Klatte-2022-by-Olaf-Rauch-.jpg","width":1120,"height":630},{"@type":"BreadcrumbList","@id":"https:\/\/www.subkultur.de\/edition\/carsten-klatte-interior\/#breadcrumb","itemListElement":[{"@type":"ListItem","position":1,"name":"Startseite","item":"https:\/\/www.subkultur.de\/edition\/"},{"@type":"ListItem","position":2,"name":"Carsten Klatte &#8222;Interiora&#8220;"}]},{"@type":"WebSite","@id":"https:\/\/www.subkultur.de\/edition\/#website","url":"https:\/\/www.subkultur.de\/edition\/","name":"edition.subkultur","description":"Overground Literatur &amp; Music","publisher":{"@id":"https:\/\/www.subkultur.de\/edition\/#organization"},"potentialAction":[{"@type":"SearchAction","target":{"@type":"EntryPoint","urlTemplate":"https:\/\/www.subkultur.de\/edition\/?s={search_term_string}"},"query-input":{"@type":"PropertyValueSpecification","valueRequired":true,"valueName":"search_term_string"}}],"inLanguage":"de"},{"@type":"Organization","@id":"https:\/\/www.subkultur.de\/edition\/#organization","name":"Edition Subkultur","url":"https:\/\/www.subkultur.de\/edition\/","logo":{"@type":"ImageObject","inLanguage":"de","@id":"https:\/\/www.subkultur.de\/edition\/#\/schema\/logo\/image\/","url":"https:\/\/i0.wp.com\/www.subkultur.de\/edition\/wp-content\/uploads\/2018\/08\/sublogo3001.png?fit=300%2C111&ssl=1","contentUrl":"https:\/\/i0.wp.com\/www.subkultur.de\/edition\/wp-content\/uploads\/2018\/08\/sublogo3001.png?fit=300%2C111&ssl=1","width":300,"height":111,"caption":"Edition Subkultur"},"image":{"@id":"https:\/\/www.subkultur.de\/edition\/#\/schema\/logo\/image\/"},"sameAs":["https:\/\/www.facebook.com\/edition.subkultur\/"]},{"@type":"Person","@id":"https:\/\/www.subkultur.de\/edition\/#\/schema\/person\/cd464c9503a700c1afa4f8699f8fc28c","name":"Thomas Manegold","image":{"@type":"ImageObject","inLanguage":"de","@id":"https:\/\/secure.gravatar.com\/avatar\/c47aa7babc226668f12215116df4ed72b4c669cd0c51a55da888717bdab00f5d?s=96&d=mm&r=g","url":"https:\/\/secure.gravatar.com\/avatar\/c47aa7babc226668f12215116df4ed72b4c669cd0c51a55da888717bdab00f5d?s=96&d=mm&r=g","contentUrl":"https:\/\/secure.gravatar.com\/avatar\/c47aa7babc226668f12215116df4ed72b4c669cd0c51a55da888717bdab00f5d?s=96&d=mm&r=g","caption":"Thomas Manegold"},"description":"Thomas Manegold. Producer, Admin und VisdP bei Subkultur und beim Periplaneta Verlag. Mitglied der Leseb\u00fchnen OWUL und VISION &amp; WAHN, https:\/\/manegold.de","sameAs":["https:\/\/www.manegold.de","https:\/\/de.wikipedia.org\/wiki\/Thomas_Manegold"],"url":"https:\/\/www.subkultur.de\/edition\/author\/thomas-manegold\/"}]}},"jetpack_publicize_connections":[],"jetpack_featured_media_url":"https:\/\/www.subkultur.de\/edition\/wp-content\/uploads\/2025\/12\/Carsten-Klatte-2022-by-Olaf-Rauch-.jpg","jetpack-related-posts":[{"id":463,"url":"https:\/\/www.subkultur.de\/edition\/carsten-klatte\/","url_meta":{"origin":8513,"position":0},"title":"Carsten Klatte \/ Widukind","author":"Thomas Manegold","date":"16.12.2025","format":false,"excerpt":"Seit den 90er Jahren ver\u00f6ffentlichte Carsten Klatte unter eigenem Namen und als Lacasa del Cid mehrere Solo-Alben. Auch arbeitete er mit Bands wie Wolfsheim, Cassandra Complex, Project Pitchfork, Goethes Erben, Peter Heppner oder N. U. Unruh von Einst\u00fcrzende Neubauten zusammen. Als Session- und Studiogitarrist war er an zahlreichen Touren und\u2026","rel":"","context":"In &quot;K\u00fcnstler&quot;","block_context":{"text":"K\u00fcnstler","link":"https:\/\/www.subkultur.de\/edition\/category\/kuenstler\/"},"img":{"alt_text":"Widukind - edition subkultur","src":"https:\/\/i0.wp.com\/www.subkultur.de\/edition\/wp-content\/uploads\/2021\/06\/widukind2021-e1625601486869.jpg?resize=350%2C200&ssl=1","width":350,"height":200,"srcset":"https:\/\/i0.wp.com\/www.subkultur.de\/edition\/wp-content\/uploads\/2021\/06\/widukind2021-e1625601486869.jpg?resize=350%2C200&ssl=1 1x, https:\/\/i0.wp.com\/www.subkultur.de\/edition\/wp-content\/uploads\/2021\/06\/widukind2021-e1625601486869.jpg?resize=525%2C300&ssl=1 1.5x, https:\/\/i0.wp.com\/www.subkultur.de\/edition\/wp-content\/uploads\/2021\/06\/widukind2021-e1625601486869.jpg?resize=700%2C400&ssl=1 2x, https:\/\/i0.wp.com\/www.subkultur.de\/edition\/wp-content\/uploads\/2021\/06\/widukind2021-e1625601486869.jpg?resize=1050%2C600&ssl=1 3x"},"classes":[]},{"id":6375,"url":"https:\/\/www.subkultur.de\/edition\/neues-album-von-widukind\/","url_meta":{"origin":8513,"position":1},"title":"Neues Album von Widukind","author":"Thomas Manegold","date":"06.07.2021","format":false,"excerpt":"Carsten Klatte hatte pl\u00f6tzlich und unerwartet sehr viel Zeit und sehr viel Grund, Musik zu machen. Im Sommer 2021 erscheint deshalb bei Subkultur ein neues Widukind-Album. Als CD und digital. Es wird \"We Do Kind\" hei\u00dfen. Und man kann es ab sofort vorbestellen. Neben neuen Songs, die nun ausnahmslos in\u2026","rel":"","context":"In &quot;subZINE&quot;","block_context":{"text":"subZINE","link":"https:\/\/www.subkultur.de\/edition\/category\/blog\/"},"img":{"alt_text":"Widukind - edition subkultur","src":"https:\/\/i0.wp.com\/www.subkultur.de\/edition\/wp-content\/uploads\/2021\/06\/widukind2021-e1625601486869.jpg?resize=350%2C200&ssl=1","width":350,"height":200,"srcset":"https:\/\/i0.wp.com\/www.subkultur.de\/edition\/wp-content\/uploads\/2021\/06\/widukind2021-e1625601486869.jpg?resize=350%2C200&ssl=1 1x, https:\/\/i0.wp.com\/www.subkultur.de\/edition\/wp-content\/uploads\/2021\/06\/widukind2021-e1625601486869.jpg?resize=525%2C300&ssl=1 1.5x, https:\/\/i0.wp.com\/www.subkultur.de\/edition\/wp-content\/uploads\/2021\/06\/widukind2021-e1625601486869.jpg?resize=700%2C400&ssl=1 2x, https:\/\/i0.wp.com\/www.subkultur.de\/edition\/wp-content\/uploads\/2021\/06\/widukind2021-e1625601486869.jpg?resize=1050%2C600&ssl=1 3x"},"classes":[]},{"id":634,"url":"https:\/\/www.subkultur.de\/edition\/widukind-berlin-bagdad\/","url_meta":{"origin":8513,"position":2},"title":"Widukind: &#8222;Berlin Bagdad&#8220;","author":"Thomas Manegold","date":"23.05.2013","format":false,"excerpt":"Carsten Klatte l\u00e4dt nach. Mit \"Berlin Bagdad\" bekommt die Welt f\u00fcnf neue Lieder von seinem Widukind. Am 06.07.2013\u00a0 erscheint diese EP sowohl digital, als auch in Form einer streng limitierten und handsignierten Book-EP, die nicht im Handel erh\u00e4ltlich sein wird, sondern nur direkt beim K\u00fcnstler und bei Subkultur. Anl\u00e4sslich des\u2026","rel":"","context":"In &quot;subZINE&quot;","block_context":{"text":"subZINE","link":"https:\/\/www.subkultur.de\/edition\/category\/blog\/"},"img":{"alt_text":"Carsten Klatte","src":"https:\/\/i0.wp.com\/www.subkultur.de\/edition\/wp-content\/uploads\/2013\/04\/klattesubkultur-e1481208785307.jpg?resize=350%2C200&ssl=1","width":350,"height":200,"srcset":"https:\/\/i0.wp.com\/www.subkultur.de\/edition\/wp-content\/uploads\/2013\/04\/klattesubkultur-e1481208785307.jpg?resize=350%2C200&ssl=1 1x, https:\/\/i0.wp.com\/www.subkultur.de\/edition\/wp-content\/uploads\/2013\/04\/klattesubkultur-e1481208785307.jpg?resize=525%2C300&ssl=1 1.5x, https:\/\/i0.wp.com\/www.subkultur.de\/edition\/wp-content\/uploads\/2013\/04\/klattesubkultur-e1481208785307.jpg?resize=700%2C400&ssl=1 2x"},"classes":[]},{"id":2881,"url":"https:\/\/www.subkultur.de\/edition\/widukind-rot-video\/","url_meta":{"origin":8513,"position":3},"title":"Widukind &#8222;Rot&#8220; (Video)","author":"Thomas Manegold","date":"13.08.2018","format":false,"excerpt":"https:\/\/www.youtube.com\/watch?v=gI3f-aoT8cI&feature=youtu.be Carsten Klatte hat mit Ronny von Wieglas ein neues Video gezaubert. \"Rot\" ist ein Song vom aktuellen Widukind Album \"Avatar\".","rel":"","context":"In &quot;subZINE&quot;","block_context":{"text":"subZINE","link":"https:\/\/www.subkultur.de\/edition\/category\/blog\/"},"img":{"alt_text":"WIDUKIND by WIEGLAS","src":"https:\/\/i0.wp.com\/www.subkultur.de\/edition\/wp-content\/uploads\/2018\/12\/widuweb-1120.jpg?resize=350%2C200&ssl=1","width":350,"height":200,"srcset":"https:\/\/i0.wp.com\/www.subkultur.de\/edition\/wp-content\/uploads\/2018\/12\/widuweb-1120.jpg?resize=350%2C200&ssl=1 1x, https:\/\/i0.wp.com\/www.subkultur.de\/edition\/wp-content\/uploads\/2018\/12\/widuweb-1120.jpg?resize=525%2C300&ssl=1 1.5x, https:\/\/i0.wp.com\/www.subkultur.de\/edition\/wp-content\/uploads\/2018\/12\/widuweb-1120.jpg?resize=700%2C400&ssl=1 2x, https:\/\/i0.wp.com\/www.subkultur.de\/edition\/wp-content\/uploads\/2018\/12\/widuweb-1120.jpg?resize=1050%2C600&ssl=1 3x"},"classes":[]},{"id":2353,"url":"https:\/\/www.subkultur.de\/edition\/neues-widukind-werk-im-november\/","url_meta":{"origin":8513,"position":4},"title":"Neues Widukind Werk im November","author":"Thomas Manegold","date":"07.07.2017","format":false,"excerpt":"Widukind, das Projekt des Avantgardek\u00fcnstlers und Gitarristen Carsten Klatte verk\u00fcndet ein neues, wiederum multimediales Werk. Es wird \"AVATAR\" hei\u00dfen und am 2. November 2017 bei Subkultur\/ Periplaneta zun\u00e4chst als Limited Edition (Buch & CD) erscheinen.\u00a0 Die neuen Widukind-Bilder stammen von Ronny Zeisberg (www.wieglas.de)","rel":"","context":"In &quot;subZINE&quot;","block_context":{"text":"subZINE","link":"https:\/\/www.subkultur.de\/edition\/category\/blog\/"},"img":{"alt_text":"WIDUKIND by WIEGLAS","src":"https:\/\/i0.wp.com\/www.subkultur.de\/edition\/wp-content\/uploads\/2018\/12\/widuweb-1120.jpg?resize=350%2C200&ssl=1","width":350,"height":200,"srcset":"https:\/\/i0.wp.com\/www.subkultur.de\/edition\/wp-content\/uploads\/2018\/12\/widuweb-1120.jpg?resize=350%2C200&ssl=1 1x, https:\/\/i0.wp.com\/www.subkultur.de\/edition\/wp-content\/uploads\/2018\/12\/widuweb-1120.jpg?resize=525%2C300&ssl=1 1.5x, https:\/\/i0.wp.com\/www.subkultur.de\/edition\/wp-content\/uploads\/2018\/12\/widuweb-1120.jpg?resize=700%2C400&ssl=1 2x, https:\/\/i0.wp.com\/www.subkultur.de\/edition\/wp-content\/uploads\/2018\/12\/widuweb-1120.jpg?resize=1050%2C600&ssl=1 3x"},"classes":[]},{"id":1763,"url":"https:\/\/www.subkultur.de\/edition\/widukind-vs-mathias-eysen-tanz-remix-2015\/","url_meta":{"origin":8513,"position":5},"title":"Widukind vs Mathias Eysen &#8222;Tanz&#8220; (Remix 2015)","author":"Thomas Manegold","date":"28.10.2015","format":false,"excerpt":"https:\/\/www.youtube.com\/watch?v=DL-s5yzP0sQ Carsten Klatte hat zusammen mit dem Sprecher Mathias Eysen ein Remake des Widukind-Tracks \"Tanz\" aufgenommen und dazu auch einen Videoclip gefertigt.\u00a0 \"Tanz\" ist urspr\u00fcnglich auf dem Post-Apocalyptic-Folk-CD \"Widukind\" zu finden. Der Remix steht HIER\u00a0 zum freien Download zur Verf\u00fcgung. \u00dcber die Intensionen hinter Widukinds neuem Video ist ein Artikel\u2026","rel":"","context":"In &quot;Videos&quot;","block_context":{"text":"Videos","link":"https:\/\/www.subkultur.de\/edition\/category\/blog\/videos\/"},"img":{"alt_text":"","src":"https:\/\/i0.wp.com\/img.youtube.com\/vi\/DL-s5yzP0sQ\/0.jpg?resize=350%2C200","width":350,"height":200},"classes":[]}],"jetpack_sharing_enabled":true,"_links":{"self":[{"href":"https:\/\/www.subkultur.de\/edition\/wp-json\/wp\/v2\/posts\/8513","targetHints":{"allow":["GET"]}}],"collection":[{"href":"https:\/\/www.subkultur.de\/edition\/wp-json\/wp\/v2\/posts"}],"about":[{"href":"https:\/\/www.subkultur.de\/edition\/wp-json\/wp\/v2\/types\/post"}],"author":[{"embeddable":true,"href":"https:\/\/www.subkultur.de\/edition\/wp-json\/wp\/v2\/users\/1"}],"replies":[{"embeddable":true,"href":"https:\/\/www.subkultur.de\/edition\/wp-json\/wp\/v2\/comments?post=8513"}],"version-history":[{"count":7,"href":"https:\/\/www.subkultur.de\/edition\/wp-json\/wp\/v2\/posts\/8513\/revisions"}],"predecessor-version":[{"id":8525,"href":"https:\/\/www.subkultur.de\/edition\/wp-json\/wp\/v2\/posts\/8513\/revisions\/8525"}],"wp:featuredmedia":[{"embeddable":true,"href":"https:\/\/www.subkultur.de\/edition\/wp-json\/wp\/v2\/media\/8522"}],"wp:attachment":[{"href":"https:\/\/www.subkultur.de\/edition\/wp-json\/wp\/v2\/media?parent=8513"}],"wp:term":[{"taxonomy":"category","embeddable":true,"href":"https:\/\/www.subkultur.de\/edition\/wp-json\/wp\/v2\/categories?post=8513"},{"taxonomy":"post_tag","embeddable":true,"href":"https:\/\/www.subkultur.de\/edition\/wp-json\/wp\/v2\/tags?post=8513"}],"curies":[{"name":"wp","href":"https:\/\/api.w.org\/{rel}","templated":true}]}}